{"id":16940,"date":"2020-04-12T11:13:59","date_gmt":"2020-04-12T09:13:59","guid":{"rendered":"https:\/\/www.united-europe.eu\/?p=16940"},"modified":"2020-04-13T13:20:34","modified_gmt":"2020-04-13T11:20:34","slug":"gemeinsamer-deutsch-italienischer-appell-europaeische-solidaritaet-jetzt","status":"publish","type":"post","link":"https:\/\/www.united-europe.eu\/de\/2020\/04\/gemeinsamer-deutsch-italienischer-appell-europaeische-solidaritaet-jetzt\/","title":{"rendered":"Gemeinsamer deutsch-italienischer Appell: Europ\u00e4ische Solidarit\u00e4t jetzt!"},"content":{"rendered":"<p><strong>Gemeinsamer deutsch-italienischer Appell an die Regierungen aller Mitgliedstaaten und an die EU-Institutionen: EUROP\u00c4ISCHE SOLIDARIT\u00c4T JETZT!<\/strong><\/p>\n<p>Die Petition wird \u00fcber Parteigrenzen hinweg (u.a. Elmar Brok\/CDU, Sven Giegold\/Gr\u00fcne, Hans Eichel\/SPD) und von WirtschaftswissenschaftlerInnen unterschiedlicher Str\u00f6mungen (u. a. Marcel Fratzscher\/DIW, Peter Bofinger\/Uni W\u00fcrzburg, Gabriel Felbermayr\/IfW) unterst\u00fctzt.<br \/>\nSchl\u00fcsselaktionen der Petition sind:<\/p>\n<p>Kern der Petition sind:<br \/>\n1. Wir brauchen einen umfassenden finanziellen Schutzschild f\u00fcr Europa und den Euroraum.<br \/>\n2. Wir bef\u00fcrworten die sofortige Er\u00f6ffnung einer &#8222;Gesundheits&#8220;-Kreditlinie im ESM, mit fokussierten Bedingungen, um sicherzustellen, dass die Kredite f\u00fcr genau definierte Kategorien von gesundheitsbezogenen Programmen verwendet werden, ohne dass zus\u00e4tzliche Bedingungen gestellt werden.<br \/>\n3. Wir unterst\u00fctzen die Ausgabe von Europ\u00e4ischen Gesundheitsanleihen mit einem klaren und definierten gemeinsamen Ziel und unter Einhaltung gemeinsam vereinbarter Richtlinien. Dies w\u00fcrde es erm\u00f6glichen, die Last gemeinsam und auf demokratische Weise zu schultern.<br \/>\n4. Wir setzen uns f\u00fcr eine koordinierte Ausstiegsstrategie, einen umfassenden Konjunkturplan und wirksame Investitionen ein.<\/p>\n<p>&#8222;Dies ist nicht der Zeitpunkt, um uns spalten zu lassen. Dies ist die Zeit, vereint zu stehen und f\u00fcr eine gemeinsame, bessere Zukunft zu k\u00e4mpfen.&#8220;<br \/>\n<a href=\"https:\/\/bit.ly\/3b7kFeU\">Hier <\/a>finden Sie die Liste der Unterzeichner und k\u00f6nnen der Petition beitreten.<\/p>\n","protected":false},"excerpt":{"rendered":"<p>Gemeinsamer deutsch-italienischer Appell an die Regierungen aller Mitgliedstaaten und an die EU-Institutionen: EUROP\u00c4ISCHE SOLIDARIT\u00c4T JETZT! Die Petition wird \u00fcber Parteigrenzen hinweg (u.a. Elmar Brok\/CDU, Sven Giegold\/Gr\u00fcne, Hans Eichel\/SPD) und von&hellip;<\/p>\n","protected":false},"author":16,"featured_media":16939,"comment_status":"closed","ping_status":"closed","sticky":false,"template":"","format":"standard","meta":{"_acf_changed":false,"footnotes":""},"categories":[620],"tags":[1739,1738,243,1737,1110,1151],"powerkit_post_featured":[],"class_list":{"0":"post-16940","1":"post","2":"type-post","3":"status-publish","4":"format-standard","5":"has-post-thumbnail","7":"category-news-de","8":"tag-coronabonds-de","9":"tag-eurobonds-de","10":"tag-europa","11":"tag-europaeische-solidaritaet","12":"tag-united-europe-de","13":"tag-united-europe-de-2"},"acf":[],"aioseo_notices":[],"_links":{"self":[{"href":"https:\/\/www.united-europe.eu\/de\/wp-json\/wp\/v2\/posts\/16940","targetHints":{"allow":["GET"]}}],"collection":[{"href":"https:\/\/www.united-europe.eu\/de\/wp-json\/wp\/v2\/posts"}],"about":[{"href":"https:\/\/www.united-europe.eu\/de\/wp-json\/wp\/v2\/types\/post"}],"author":[{"embeddable":true,"href":"https:\/\/www.united-europe.eu\/de\/wp-json\/wp\/v2\/users\/16"}],"replies":[{"embeddable":true,"href":"https:\/\/www.united-europe.eu\/de\/wp-json\/wp\/v2\/comments?post=16940"}],"version-history":[{"count":3,"href":"https:\/\/www.united-europe.eu\/de\/wp-json\/wp\/v2\/posts\/16940\/revisions"}],"predecessor-version":[{"id":16947,"href":"https:\/\/www.united-europe.eu\/de\/wp-json\/wp\/v2\/posts\/16940\/revisions\/16947"}],"wp:featuredmedia":[{"embeddable":true,"href":"https:\/\/www.united-europe.eu\/de\/wp-json\/wp\/v2\/media\/16939"}],"wp:attachment":[{"href":"https:\/\/www.united-europe.eu\/de\/wp-json\/wp\/v2\/media?parent=16940"}],"wp:term":[{"taxonomy":"category","embeddable":true,"href":"https:\/\/www.united-europe.eu\/de\/wp-json\/wp\/v2\/categories?post=16940"},{"taxonomy":"post_tag","embeddable":true,"href":"https:\/\/www.united-europe.eu\/de\/wp-json\/wp\/v2\/tags?post=16940"},{"taxonomy":"powerkit_post_featured","embeddable":true,"href":"https:\/\/www.united-europe.eu\/de\/wp-json\/wp\/v2\/powerkit_post_featured?post=16940"}],"curies":[{"name":"wp","href":"https:\/\/api.w.org\/{rel}","templated":true}]}}