{"id":16545,"date":"2020-03-18T12:06:08","date_gmt":"2020-03-18T11:06:08","guid":{"rendered":"https:\/\/www.united-europe.eu\/?p=16545"},"modified":"2020-03-18T12:23:46","modified_gmt":"2020-03-18T11:23:46","slug":"grusswort-von-guenther-h-oettinger-neuer-praesident-von-united-europe","status":"publish","type":"post","link":"https:\/\/www.united-europe.eu\/de\/2020\/03\/grusswort-von-guenther-h-oettinger-neuer-praesident-von-united-europe\/","title":{"rendered":"Gru\u00dfwort von G\u00fcnther H. Oettinger, neuer Pr\u00e4sident von United Europe"},"content":{"rendered":"<p>Seit kurzem bin ich Pr\u00e4sident von United Europe und freue mich sehr, dieses Amt als Nachfolger von Bundeskanzler Sch\u00fcssel zu \u00fcbernehmen. Mein Dank gilt Wolfgang Sch\u00fcssel f\u00fcr seine wertvolle Arbeit in den letzten Jahren. Ich hoffe, dass er uns auch in Zukunft mit seinem wichtigen Rat begleiten wird.<br \/>\nEigentlich wollte ich an dieser Stelle mit Ihnen meine Pl\u00e4ne f\u00fcr United Europe teilen, aber die besonderen Zeiten erfordern neue Ma\u00dfnahmen, und deshalb wende ich mich heute mit einem Appell an Sie: Lassen Sie uns in Europa entschlossen und solidarisch auf die Corona-Pandemie reagieren.<\/p>\n<figure id=\"attachment_16537\" aria-describedby=\"caption-attachment-16537\" style=\"width: 214px\" class=\"wp-caption alignright\"><a href=\"https:\/\/www.united-europe.eu\/wp-content\/uploads\/2020\/03\/Oettinger_Website.jpg\"><img loading=\"lazy\" decoding=\"async\" class=\"size-thumbnail wp-image-16537\" src=\"https:\/\/www.united-europe.eu\/wp-content\/uploads\/2020\/03\/Oettinger_Website-214x240.jpg\" alt=\"\" width=\"214\" height=\"240\" \/><\/a><figcaption id=\"caption-attachment-16537\" class=\"wp-caption-text\">G\u00fcnther Oettinger,<br \/>\u00a9Europ\u00e4ische Kommission<\/figcaption><\/figure>\n<p>Jetzt ist nicht die Stunde der Populisten und Nationalisten. Dort herrscht Schweigen, da diese Kreise \u00fcberhaupt nicht zu einer sachlichen Politik oder Krisenmanagement in der Lage sind.<br \/>\nDie EU geht dagegen die richtigen Schritte. Nur ein paar Beispiele: Die Kommission lockert ihre Schuldengrenzen f\u00fcr die Mitgliedsstaaten. Die europ\u00e4ischen Fiskalregeln sollen f\u00fcr eine \u00dcbergangszeit ausgesetzt werden. Und die EU dr\u00e4ngt darauf, dass die Waren und wesentlichen Dienstleistungen in unserem Binnenmarkt weiterhin flie\u00dfen. Nur so kann ein Mangel an medizinischer Ausr\u00fcstung oder Lebensmitteln verhindert werden.<\/p>\n<p>Dass zu Beginn der Pandemie kein EU-Land auf die Bitte Italiens reagiert hat, Schutzausr\u00fcstung zu liefern, war ein gro\u00dfer Fehler. Stark betroffene L\u00e4nder wie Italien und Spanien brauchen unsere Solidarit\u00e4t. Hier muss eine europ\u00e4ische L\u00f6sung her, muss die Integration vertieft werden, m\u00fcssen nationale Verantwortlichkeiten und Alleing\u00e4nge beendet werden.<br \/>\nIn Krisenzeiten zeigt sich die Verfasstheit einer Gesellschaft. Die Antwort auf all die Krisen kann nur ein vereintes Europa sein, in dem sich die Mitgliedstaaten solidarisch verhalten.<br \/>\nDie Nachwirkungen der Pandemie werden die Welt nachhaltig ver\u00e4ndern. Wir werden alle betroffen sein und in vielen Bereichen Abstriche machen m\u00fcssen. Wir werden vieles neu aufbauen m\u00fcssen. Ein Zur\u00fcckziehen in nationale Egoismen ist daf\u00fcr nicht die L\u00f6sung. Die Bew\u00e4ltigung dieser Herausforderung kann nur gemeinsam gelingen und am Ende auch eine Chance bedeuten.<\/p>\n<p>Wir m\u00fcssen auf eine tiefere Integration der Europ\u00e4ischen Union hinarbeiten, um in Zukunft f\u00fcr Krisen besser gewappnet zu sein. Jetzt muss die Stunde der europ\u00e4ischen Solidarit\u00e4t schlagen. Kurzfristige Einschr\u00e4nkungen von Mobilit\u00e4t und Reisefreiheit d\u00fcrfen nicht zur Beerdigung der europ\u00e4ischen Idee f\u00fchren. Im Gegenteil f\u00fchren sie uns vor Augen, was wir alle von einem geeinten Europa haben. Deshalb ist die Idee von United Europe aktuell wie nie. Lassen Sie uns zusammenarbeiten und all unsere Kraft investieren, f\u00fcr ein vereintes, wettbewerbsf\u00e4higes und krisensicheres Europa.<\/p>\n<p><em>G\u00fcnther H. Oettinger<br \/>\nPr\u00e4sident United Europe, EU-Kommissar 2010-2019<\/em><\/p>\n<p>&nbsp;<\/p>\n<figure id=\"attachment_16141\" aria-describedby=\"caption-attachment-16141\" style=\"width: 250px\" class=\"wp-caption alignleft\"><a href=\"https:\/\/www.united-europe.eu\/wp-content\/uploads\/2019\/12\/Schuessel_kl.jpg\"><img loading=\"lazy\" decoding=\"async\" class=\"size-thumbnail wp-image-16141\" src=\"https:\/\/www.united-europe.eu\/wp-content\/uploads\/2019\/12\/Schuessel_kl-250x240.jpg\" alt=\"\" width=\"250\" height=\"240\" \/><\/a><figcaption id=\"caption-attachment-16141\" class=\"wp-caption-text\">Wolfgang Sch\u00fcssel<\/figcaption><\/figure>\n<p>Es war mir eine Ehre und Freude, die Geschicke von United Europe sieben Jahre lang mitzugestalten. Die Idee entstand bei einer informellen Diskussion mit J\u00fcrgen Grossmann und einigen Freunden \u2013 wir waren der Auffassung, es gen\u00fcge nicht, den Zustand Europas zu beklagen. Es sei hoch an der Zeit, Gleichgesinnte aus Wirtschaft und Gesellschaft zu ermutigen, f\u00fcr die Idee der europ\u00e4ischen Einigung \u00f6ffentlich aufzutreten und zu k\u00e4mpfen.<\/p>\n<p>Seither hat sich viel getan. In zahlreichen Young Professional Seminars wurden hunderte kommende F\u00fchrungskr\u00e4fte motiviert, im \u201eRome Manifest\u201c eine spannende Zukunftsvision entwickelt. In einer Handelsblatt-Kooperation (Artikelserie und Buch) forderten zwei Dutzend hochrangige CEOs und Meinungsbildner \u201eEuropa kann es besser\u201c. Digitalisierung, Handels\u00f6ffnung, Hinwendung zu Afrika, Sicherheits-und Verteidigungsf\u00e4higkeit der EU, Binnenmarkt-Vollendung waren weitere Schwerpunkte in gut besuchten und intellektuell h\u00f6chst anregenden Foren.<\/p>\n<p>Auch eine Niederlage von United Europe ist einzugestehen: trotz mannigfacher Bem\u00fchungen unserer Freunde Baroness Jay von Paddington und Lord Peter Mandelson wird der \u201eBrexit\u201c, der Austritt des Vereinigten K\u00f6nigreichs aus der Union, am 31. J\u00e4nner 2020 stattfinden. Wir sollten alles daran setzen, dass nach der einj\u00e4hrigen \u00dcbergangsfrist ein tragf\u00e4higes Partnerschaftsabkommen zustandekommt. Meine Abschiedsmelancholie wird durch meine Nachfolge stark ged\u00e4mpft \u2013 G\u00fcnther Oettinger wurde in der letzten Generalversammlung von UE einstimmig zu Pr\u00e4sidenten gew\u00e4hlt. Damit ist die Kontinuit\u00e4t der Arbeit von United Europe gesichert und sind starke neue Impulse zu erwarten.<\/p>\n<p>Mein Dank gilt allen Mitgliedern und Sponsoren sowie dem Vorstand und den beiden Gesch\u00e4ftsf\u00fchrerinnen Rieke Sch\u00fces und Sabine Sasse.<\/p>\n<p><em>Dr. Wolfgang Sch\u00fcssel<\/em><br \/>\n<em>Pr\u00e4sident United Europe 2013-19, Bundeskanzler \u00d6sterreichs 2000-2007<\/em><\/p>\n","protected":false},"excerpt":{"rendered":"<p>Seit kurzem bin ich Pr\u00e4sident von United Europe und freue mich sehr, dieses Amt als Nachfolger von Bundeskanzler Sch\u00fcssel zu \u00fcbernehmen. Mein Dank gilt Wolfgang Sch\u00fcssel f\u00fcr seine wertvolle Arbeit&hellip;<\/p>\n","protected":false},"author":16,"featured_media":16717,"comment_status":"closed","ping_status":"closed","sticky":false,"template":"","format":"standard","meta":{"_acf_changed":false,"footnotes":""},"categories":[620],"tags":[410,243,240,1341,1290,1431,834,1110,1151,364],"powerkit_post_featured":[],"class_list":{"0":"post-16545","1":"post","2":"type-post","3":"status-publish","4":"format-standard","5":"has-post-thumbnail","7":"category-news-de","8":"tag-eu-de","9":"tag-europa","10":"tag-europe-de","11":"tag-guenther-oettinger","12":"tag-juergen-grossmann","13":"tag-rieke-schuees","14":"tag-sabine-sasse","15":"tag-united-europe-de","16":"tag-united-europe-de-2","17":"tag-wolfgang-schussel-de"},"acf":[],"aioseo_notices":[],"_links":{"self":[{"href":"https:\/\/www.united-europe.eu\/de\/wp-json\/wp\/v2\/posts\/16545","targetHints":{"allow":["GET"]}}],"collection":[{"href":"https:\/\/www.united-europe.eu\/de\/wp-json\/wp\/v2\/posts"}],"about":[{"href":"https:\/\/www.united-europe.eu\/de\/wp-json\/wp\/v2\/types\/post"}],"author":[{"embeddable":true,"href":"https:\/\/www.united-europe.eu\/de\/wp-json\/wp\/v2\/users\/16"}],"replies":[{"embeddable":true,"href":"https:\/\/www.united-europe.eu\/de\/wp-json\/wp\/v2\/comments?post=16545"}],"version-history":[{"count":7,"href":"https:\/\/www.united-europe.eu\/de\/wp-json\/wp\/v2\/posts\/16545\/revisions"}],"predecessor-version":[{"id":16728,"href":"https:\/\/www.united-europe.eu\/de\/wp-json\/wp\/v2\/posts\/16545\/revisions\/16728"}],"wp:featuredmedia":[{"embeddable":true,"href":"https:\/\/www.united-europe.eu\/de\/wp-json\/wp\/v2\/media\/16717"}],"wp:attachment":[{"href":"https:\/\/www.united-europe.eu\/de\/wp-json\/wp\/v2\/media?parent=16545"}],"wp:term":[{"taxonomy":"category","embeddable":true,"href":"https:\/\/www.united-europe.eu\/de\/wp-json\/wp\/v2\/categories?post=16545"},{"taxonomy":"post_tag","embeddable":true,"href":"https:\/\/www.united-europe.eu\/de\/wp-json\/wp\/v2\/tags?post=16545"},{"taxonomy":"powerkit_post_featured","embeddable":true,"href":"https:\/\/www.united-europe.eu\/de\/wp-json\/wp\/v2\/powerkit_post_featured?post=16545"}],"curies":[{"name":"wp","href":"https:\/\/api.w.org\/{rel}","templated":true}]}}