{"id":16414,"date":"2020-02-05T12:05:52","date_gmt":"2020-02-05T11:05:52","guid":{"rendered":"https:\/\/www.united-europe.eu\/?p=16414"},"modified":"2020-02-05T12:05:52","modified_gmt":"2020-02-05T11:05:52","slug":"elif-dilmen-sind-die-balkanlaender-bereit-fuer-europa-2020","status":"publish","type":"post","link":"https:\/\/www.united-europe.eu\/de\/2020\/02\/elif-dilmen-sind-die-balkanlaender-bereit-fuer-europa-2020\/","title":{"rendered":"Elif Dilmen: Sind die Balkanl\u00e4nder bereit f\u00fcr Europa 2020?"},"content":{"rendered":"<figure id=\"attachment_16408\" aria-describedby=\"caption-attachment-16408\" style=\"width: 215px\" class=\"wp-caption alignleft\"><a href=\"https:\/\/www.united-europe.eu\/wp-content\/uploads\/2020\/02\/Elif_web-2.jpg\"><img loading=\"lazy\" decoding=\"async\" class=\"size-thumbnail wp-image-16408\" src=\"https:\/\/www.united-europe.eu\/wp-content\/uploads\/2020\/02\/Elif_web-2-215x240.jpg\" alt=\"\" width=\"215\" height=\"240\" \/><\/a><figcaption id=\"caption-attachment-16408\" class=\"wp-caption-text\">Elif Dilmen<\/figcaption><\/figure>\n<p><em><strong>Im Vorfeld unseres n\u00e4chsten Young Professionals Seminars in Zagreb am 12. und 13. M\u00e4rz ver\u00f6ffentlichen wir einige Artikel \u00fcber die EU und den Westbalkan. Wir beginnen mit einem Text von Elif Dilmen, Senior-Risikoberaterin bei Marsh in der T\u00fcrkei und Expertin f\u00fcr Klimawandel. Sie ist Mitglied von United Europe und eine unserer Young Professionals Advisors.<\/strong><\/em><\/p>\n<p>Die Tagesordnung der Welt ver\u00e4ndert sich durch politische und wirtschaftliche Krisen, Angriffe, Epidemien und Naturkatastrophen. Obwohl sich die Agenda \u00e4ndert, ist es wichtig, dass Klimawandel und seine negativen Auswirkungen auf der Tagesordnung bleiben. Unsere wichtigste Agenda sollten die Ziele f\u00fcr Europa 2020 sein, die f\u00fcr die Bew\u00e4ltigung und Verringerung des Klimawandels festgelegt wurden, und was die L\u00e4nder daf\u00fcr tun. Denn nur das Ziel einer 20-prozentigen Reduzierung der Treibhausgasemissionen im Vergleich zu den Werten von 1990 ist zurzeit auf einem guten Weg. L\u00e4nder, die wachsen und dieses Wachstum aufrechterhalten wollen, sollten den Klimawandel im Interesse der Nachhaltigkeit und der wirtschaftlichen Entwicklung nicht ignorieren. L\u00e4nder, deren Landwirtschaft die wichtigste Einkommensquelle ist, insbesondere die Balkanl\u00e4nder, m\u00fcssen lokale und globale Ma\u00dfnahmen f\u00fcr den Klimawandel ergreifen.<\/p>\n<p>Der Balkan ist w\u00e4hrend seines Wachstums den Gefahren des Klimawandels und von Naturkatastrophen ausgesetzt. Denn die Menschen sind haupts\u00e4chlich in wetter- und klimabezogenen Bereichen wie Landwirtschaft, Forstwirtschaft, Tourismus und unterst\u00fctzenden Dienstleistungen t\u00e4tig. Leider scheint dieses Wachstum nicht m\u00f6glich zu sein, wenn die Region nicht bereit ist, auf Klimaschocks zu reagieren. Seit 2014 sind auf dem Balkan durch \u00dcberschwemmungen, Br\u00e4nde und D\u00fcrre mehr als 6 Milliarden Euro Schaden entstanden.<\/p>\n<p>Nat\u00fcrlich w\u00e4re es falsch zu sagen, dass die Balkanl\u00e4nder kein Bewusstsein f\u00fcr den Klimawandel haben. Einige politische Entscheidungstr\u00e4ger auf dem Westbalkan bereiten sich auf die Katastrophen von morgen vor. Serbien hat den ersten umfassenden Rahmenplan f\u00fcr das Katastrophenrisikomanagement in der Region eingef\u00fchrt, seine Gesetzgebung an das Sendai-Rahmenwerk der UN angeglichen und 2017 ein Darlehen der Weltbank in H\u00f6he von 66 Millionen Euro erhalten, um nach einer gr\u00f6\u00dferen Katastrophe den sofortigen Zugang zu Wiederaufbaumitteln zu gew\u00e4hrleisten. [1] Dar\u00fcber hinaus gibt es Technologien, die bei der Verh\u00fctung von \u00dcberschwemmungsrisiken eine Vorreiterrolle spielen. Bosnien und Herzegowina konzentriert sich auf die Infrastruktur zum Schutz vor wachsendem Hochwasserrisiko. Mazedonien investiert in Infrastruktur, in unterst\u00fctzende Dienstleistungen und Verbesserungen in den landwirtschaftlichen Betrieben. Kosovo und Montenegro erarbeiten Energieeffizienzstrategien f\u00fcr die Modernisierung von Heizsystemen. F\u00fcr den Westbalkan wurde ein nachhaltiger Entwicklungskreislauf angek\u00fcndigt, der Klimawandel und Umwelt in die wirtschaftliche Bewertung einbezieht. [2]\n<p>Viele der im Zusammenhang mit dem Klimawandel unternommenen Schritte scheinen sich eher auf die Verringerung ihrer Auswirkungen als auf ihre Ursachen zu konzentrieren. Trotzdem gibt es leider auch Studien, die eine Verringerung der negativen Auswirkungen des Klimawandels nicht st\u00fctzen. Neue Kohlekraftwerke, die nicht mit den EU-Vorschriften zur Bek\u00e4mpfung der Umweltverschmutzung \u00fcbereinstimmen, und veraltete Kohlekraftwerke sind immer noch eine gro\u00dfe Gefahr f\u00fcr die Luftverschmutzung, die menschliche Gesundheit und die Finanzen. Igor Kalaba, energiepolitischer Koordinator f\u00fcr S\u00fcdosteuropa beim Climate Action Network Europe, hat recht, wenn er sagt: \u201eKohle aus dem Westbalkan ist eine Belastung f\u00fcr die Gesundheit der Menschen, das Klima und die Wirtschaft insgesamt\u201c. Die Regierungen der Balkanl\u00e4nder sind auf die EU-Vorschriften zur Umweltverschmutzung nicht vorbereitet. In diesem Fall bleibt CO2 als unl\u00f6sbares Problem wegen des hohen unkontrollierten Kohleverbrauchs bestehen.<\/p>\n<p>Dies zeigt, dass der Balkan nicht bereit ist f\u00fcr die europ\u00e4ischen Ziele f\u00fcr 2020, und es sind noch viele Investitionen in den Klimawandel und regulatorische Ver\u00e4nderungen erforderlich. Es ist an der Zeit, einzugreifen und den Prozess anzusto\u00dfen. Auch die europ\u00e4ischen Ziele f\u00fcr 2050 warten auf die Ma\u00dfnahmen aller L\u00e4nder.<\/p>\n<p><em>Fu\u00dfnoten:<\/em><br \/>\n[1] The World Bank News<br \/>\n[2] Study on climate change in the Western Balkans region, Regional Cooperation Council Secretariat<\/p>\n","protected":false},"excerpt":{"rendered":"<p>Im Vorfeld unseres n\u00e4chsten Young Professionals Seminars in Zagreb am 12. und 13. M\u00e4rz ver\u00f6ffentlichen wir einige Artikel \u00fcber die EU und den Westbalkan. Wir beginnen mit einem Text von&hellip;<\/p>\n","protected":false},"author":16,"featured_media":16410,"comment_status":"closed","ping_status":"closed","sticky":false,"template":"","format":"standard","meta":{"_acf_changed":false,"footnotes":""},"categories":[681],"tags":[],"powerkit_post_featured":[],"class_list":{"0":"post-16414","1":"post","2":"type-post","3":"status-publish","4":"format-standard","5":"has-post-thumbnail","7":"category-advocacy-voices-de"},"acf":[],"aioseo_notices":[],"_links":{"self":[{"href":"https:\/\/www.united-europe.eu\/de\/wp-json\/wp\/v2\/posts\/16414","targetHints":{"allow":["GET"]}}],"collection":[{"href":"https:\/\/www.united-europe.eu\/de\/wp-json\/wp\/v2\/posts"}],"about":[{"href":"https:\/\/www.united-europe.eu\/de\/wp-json\/wp\/v2\/types\/post"}],"author":[{"embeddable":true,"href":"https:\/\/www.united-europe.eu\/de\/wp-json\/wp\/v2\/users\/16"}],"replies":[{"embeddable":true,"href":"https:\/\/www.united-europe.eu\/de\/wp-json\/wp\/v2\/comments?post=16414"}],"version-history":[{"count":1,"href":"https:\/\/www.united-europe.eu\/de\/wp-json\/wp\/v2\/posts\/16414\/revisions"}],"predecessor-version":[{"id":16415,"href":"https:\/\/www.united-europe.eu\/de\/wp-json\/wp\/v2\/posts\/16414\/revisions\/16415"}],"wp:featuredmedia":[{"embeddable":true,"href":"https:\/\/www.united-europe.eu\/de\/wp-json\/wp\/v2\/media\/16410"}],"wp:attachment":[{"href":"https:\/\/www.united-europe.eu\/de\/wp-json\/wp\/v2\/media?parent=16414"}],"wp:term":[{"taxonomy":"category","embeddable":true,"href":"https:\/\/www.united-europe.eu\/de\/wp-json\/wp\/v2\/categories?post=16414"},{"taxonomy":"post_tag","embeddable":true,"href":"https:\/\/www.united-europe.eu\/de\/wp-json\/wp\/v2\/tags?post=16414"},{"taxonomy":"powerkit_post_featured","embeddable":true,"href":"https:\/\/www.united-europe.eu\/de\/wp-json\/wp\/v2\/powerkit_post_featured?post=16414"}],"curies":[{"name":"wp","href":"https:\/\/api.w.org\/{rel}","templated":true}]}}