{"id":15680,"date":"2019-10-25T16:18:24","date_gmt":"2019-10-25T14:18:24","guid":{"rendered":"https:\/\/www.united-europe.eu\/?p=15680"},"modified":"2019-10-27T16:21:01","modified_gmt":"2019-10-27T15:21:01","slug":"pedro-passos-coelho-die-krise-in-portugal-2009-2014-plaene-strategien-realitaet-und-ueberwindung","status":"publish","type":"post","link":"https:\/\/www.united-europe.eu\/de\/2019\/10\/pedro-passos-coelho-die-krise-in-portugal-2009-2014-plaene-strategien-realitaet-und-ueberwindung\/","title":{"rendered":"Pedro Passos Coelho: Die Krise in Portugal (2009-2014): Pl\u00e4ne, Strategien, Realit\u00e4t und \u00dcberwindung"},"content":{"rendered":"<p>Am 17. Oktober hat <strong>Prof. Pedro Passos Coelho<\/strong>, ehemaliger Premierminister Portugals, in der <strong>Universidade Lus\u00edada de Lisboa<\/strong> unser Young Professionals Seminar \u201e<strong>How to strengthen the Eurozone\u201c<\/strong> er\u00f6ffnet. In seiner Rede \u201e<strong>Die Krise in Portugal (2009-2014): Pl\u00e4ne, Strategien, Realit\u00e4t und \u00dcberwindung<\/strong>\u201c gibt er detaillierte Einblicke in die Urspr\u00fcnge der Finanzkrise und die daraus resultierende Verschuldungsproblematik Portugals, die Ma\u00dfnahmen, die er und seine Regierung letztendlich zur L\u00f6sung der Krise ergriffen haben, sowie eine Aktualisierung der Lage des Landes heute.<br \/>\nSie finden die <strong>komplette Rede auf Englisch<\/strong> <a href=\"https:\/\/www.united-europe.eu\/2019\/10\/pdro-passos-coelho-the-crisis-in-portugal-2009-2014-plans-strategies-reality-and-overcoming\/\">hier<\/a>.<\/p>\n","protected":false},"excerpt":{"rendered":"<p>Am 17. Oktober hat Prof. Pedro Passos Coelho, ehemaliger Premierminister Portugals, in der Universidade Lus\u00edada de Lisboa unser Young Professionals Seminar \u201eHow to strengthen the Eurozone\u201c er\u00f6ffnet. In seiner Rede&hellip;<\/p>\n","protected":false},"author":16,"featured_media":15646,"comment_status":"closed","ping_status":"closed","sticky":false,"template":"","format":"standard","meta":{"_acf_changed":false,"footnotes":""},"categories":[620],"tags":[410,867,240,1149,272,457,461,1565,1573,1110,1151,1055],"powerkit_post_featured":[],"class_list":{"0":"post-15680","1":"post","2":"type-post","3":"status-publish","4":"format-standard","5":"has-post-thumbnail","7":"category-news-de","8":"tag-eu-de","9":"tag-europaeische-integration","10":"tag-europe-de","11":"tag-european-integration-de","12":"tag-eurozone-de","13":"tag-finance-crisis-de","14":"tag-finanzkrise","15":"tag-pedro-passos-coelho-de","16":"tag-portugal-krise","17":"tag-united-europe-de","18":"tag-united-europe-de-2","19":"tag-young-professionals-seminar-de"},"acf":[],"aioseo_notices":[],"_links":{"self":[{"href":"https:\/\/www.united-europe.eu\/de\/wp-json\/wp\/v2\/posts\/15680","targetHints":{"allow":["GET"]}}],"collection":[{"href":"https:\/\/www.united-europe.eu\/de\/wp-json\/wp\/v2\/posts"}],"about":[{"href":"https:\/\/www.united-europe.eu\/de\/wp-json\/wp\/v2\/types\/post"}],"author":[{"embeddable":true,"href":"https:\/\/www.united-europe.eu\/de\/wp-json\/wp\/v2\/users\/16"}],"replies":[{"embeddable":true,"href":"https:\/\/www.united-europe.eu\/de\/wp-json\/wp\/v2\/comments?post=15680"}],"version-history":[{"count":1,"href":"https:\/\/www.united-europe.eu\/de\/wp-json\/wp\/v2\/posts\/15680\/revisions"}],"predecessor-version":[{"id":15681,"href":"https:\/\/www.united-europe.eu\/de\/wp-json\/wp\/v2\/posts\/15680\/revisions\/15681"}],"wp:featuredmedia":[{"embeddable":true,"href":"https:\/\/www.united-europe.eu\/de\/wp-json\/wp\/v2\/media\/15646"}],"wp:attachment":[{"href":"https:\/\/www.united-europe.eu\/de\/wp-json\/wp\/v2\/media?parent=15680"}],"wp:term":[{"taxonomy":"category","embeddable":true,"href":"https:\/\/www.united-europe.eu\/de\/wp-json\/wp\/v2\/categories?post=15680"},{"taxonomy":"post_tag","embeddable":true,"href":"https:\/\/www.united-europe.eu\/de\/wp-json\/wp\/v2\/tags?post=15680"},{"taxonomy":"powerkit_post_featured","embeddable":true,"href":"https:\/\/www.united-europe.eu\/de\/wp-json\/wp\/v2\/powerkit_post_featured?post=15680"}],"curies":[{"name":"wp","href":"https:\/\/api.w.org\/{rel}","templated":true}]}}