{"id":1547,"date":"2014-04-10T14:04:30","date_gmt":"2014-04-10T14:04:30","guid":{"rendered":"https:\/\/www.united-europe.eu\/?p=1547"},"modified":"2016-02-15T22:04:52","modified_gmt":"2016-02-15T22:04:52","slug":"josef-ackermanns-blick-auf-die-schweiz-und-europa","status":"publish","type":"post","link":"https:\/\/www.united-europe.eu\/de\/2014\/04\/josef-ackermanns-blick-auf-die-schweiz-und-europa\/","title":{"rendered":"Josef Ackermanns Blick auf die Schweiz und Europa"},"content":{"rendered":"<p><a href=\"https:\/\/www.united-europe.eu\/wp-content\/uploads\/2014\/04\/JA.jpg\"><img loading=\"lazy\" decoding=\"async\" class=\"size-medium wp-image-1630 alignleft\" src=\"https:\/\/www.united-europe.eu\/wp-content\/uploads\/2014\/04\/JA-213x300.jpg\" alt=\"Josef Ackermann\" width=\"213\" height=\"300\" srcset=\"https:\/\/www.united-europe.eu\/wp-content\/uploads\/2014\/04\/JA-213x300.jpg 213w, https:\/\/www.united-europe.eu\/wp-content\/uploads\/2014\/04\/JA-800x1124.jpg 800w, https:\/\/www.united-europe.eu\/wp-content\/uploads\/2014\/04\/JA-1160x1630.jpg 1160w, https:\/\/www.united-europe.eu\/wp-content\/uploads\/2014\/04\/JA-320x450.jpg 320w, https:\/\/www.united-europe.eu\/wp-content\/uploads\/2014\/04\/JA-560x787.jpg 560w, https:\/\/www.united-europe.eu\/wp-content\/uploads\/2014\/04\/JA-71x100.jpg 71w, https:\/\/www.united-europe.eu\/wp-content\/uploads\/2014\/04\/JA-640x899.jpg 640w, https:\/\/www.united-europe.eu\/wp-content\/uploads\/2014\/04\/JA-1120x1574.jpg 1120w, https:\/\/www.united-europe.eu\/wp-content\/uploads\/2014\/04\/JA-1600x2248.jpg 1600w, https:\/\/www.united-europe.eu\/wp-content\/uploads\/2014\/04\/JA-1266x1779.jpg 1266w, https:\/\/www.united-europe.eu\/wp-content\/uploads\/2014\/04\/JA-142x200.jpg 142w, https:\/\/www.united-europe.eu\/wp-content\/uploads\/2014\/04\/JA-633x889.jpg 633w, https:\/\/www.united-europe.eu\/wp-content\/uploads\/2014\/04\/JA-85x120.jpg 85w, https:\/\/www.united-europe.eu\/wp-content\/uploads\/2014\/04\/JA.jpg 1617w\" sizes=\"auto, (max-width: 213px) 100vw, 213px\" \/><\/a>Warum sind die Menschen heute von der europ\u00e4ischen Idee nicht mehr begeistert? Weil Europa in den zur\u00fcckliegenden Jahren zu sehr auf Wirtschaftliches reduziert worden ist. Damit sind die Menschen vielleicht zufrieden zu stellen, aber nicht zu begeistern.<\/p>\n<p>Die Europ\u00e4ische Union ist jetzt gefordert, dem abzuhelfen und neue Begeisterung unter ihren B\u00fcrgern zu entfachen. Diese m\u00fcssen davon \u00fcberzeugt werden, dass von einem starken, einigen Europa nicht nur ihre wirtschaftliche Zukunft entscheidend abh\u00e4ngen wird, sondern auch ihre politische und kulturelle Unabh\u00e4ngigkeit und letztlich ihre Freiheit. Nur vereint wird Europa in der Welt von morgen noch ein gewichtiges Wort mitreden k\u00f6nnen.<\/p>\n<p>Auch die Schweiz wird sich neu finden m\u00fcssen und in den n\u00e4chsten Jahren ihr Verh\u00e4ltnis zur EU und zur Welt neu bestimmen m\u00fcssen. Dabei d\u00fcrfen wir nicht der Versuchung der Selbstgen\u00fcgsamkeit erliegen. Diese ist in der Welt von heute eine gef\u00e4hrliche Illusion. Das Schweizer Erfolgsmodell ist eine global vernetzte Wirtschaft, die unsere Leistungen in die Welt hinaus tr\u00e4gt. Damit dieses Modell nicht in Gefahr ger\u00e4t, m\u00fcssen die Kr\u00e4fte, die f\u00fcr eine liberale und weltoffene Schweiz stehen, jetzt deutlich Farbe bekennen.<\/p>\n","protected":false},"excerpt":{"rendered":"<p>Warum sind die Menschen heute von der europ\u00e4ischen Idee nicht mehr begeistert? Weil Europa in den zur\u00fcckliegenden Jahren zu sehr auf Wirtschaftliches reduziert worden ist. Damit sind die Menschen vielleicht&hellip;<\/p>\n","protected":false},"author":16,"featured_media":2445,"comment_status":"open","ping_status":"closed","sticky":false,"template":"","format":"standard","meta":{"_acf_changed":false,"footnotes":""},"categories":[641],"tags":[169,168],"powerkit_post_featured":[],"class_list":{"0":"post-1547","1":"post","2":"type-post","3":"status-publish","4":"format-standard","5":"has-post-thumbnail","7":"category-prominente-meinungen","8":"tag-ackermann","9":"tag-schweiz"},"acf":[],"aioseo_notices":[],"_links":{"self":[{"href":"https:\/\/www.united-europe.eu\/de\/wp-json\/wp\/v2\/posts\/1547","targetHints":{"allow":["GET"]}}],"collection":[{"href":"https:\/\/www.united-europe.eu\/de\/wp-json\/wp\/v2\/posts"}],"about":[{"href":"https:\/\/www.united-europe.eu\/de\/wp-json\/wp\/v2\/types\/post"}],"author":[{"embeddable":true,"href":"https:\/\/www.united-europe.eu\/de\/wp-json\/wp\/v2\/users\/16"}],"replies":[{"embeddable":true,"href":"https:\/\/www.united-europe.eu\/de\/wp-json\/wp\/v2\/comments?post=1547"}],"version-history":[{"count":5,"href":"https:\/\/www.united-europe.eu\/de\/wp-json\/wp\/v2\/posts\/1547\/revisions"}],"predecessor-version":[{"id":2446,"href":"https:\/\/www.united-europe.eu\/de\/wp-json\/wp\/v2\/posts\/1547\/revisions\/2446"}],"wp:featuredmedia":[{"embeddable":true,"href":"https:\/\/www.united-europe.eu\/de\/wp-json\/wp\/v2\/media\/2445"}],"wp:attachment":[{"href":"https:\/\/www.united-europe.eu\/de\/wp-json\/wp\/v2\/media?parent=1547"}],"wp:term":[{"taxonomy":"category","embeddable":true,"href":"https:\/\/www.united-europe.eu\/de\/wp-json\/wp\/v2\/categories?post=1547"},{"taxonomy":"post_tag","embeddable":true,"href":"https:\/\/www.united-europe.eu\/de\/wp-json\/wp\/v2\/tags?post=1547"},{"taxonomy":"powerkit_post_featured","embeddable":true,"href":"https:\/\/www.united-europe.eu\/de\/wp-json\/wp\/v2\/powerkit_post_featured?post=1547"}],"curies":[{"name":"wp","href":"https:\/\/api.w.org\/{rel}","templated":true}]}}