{"id":14655,"date":"2019-07-14T23:00:37","date_gmt":"2019-07-14T21:00:37","guid":{"rendered":"https:\/\/www.united-europe.eu\/?p=14655"},"modified":"2019-09-11T19:16:49","modified_gmt":"2019-09-11T17:16:49","slug":"die-niederlande-brauchen-europa-um-ihre-starke-wettbewerbsfaehigkeit-zu-erhalten","status":"publish","type":"post","link":"https:\/\/www.united-europe.eu\/de\/2019\/07\/die-niederlande-brauchen-europa-um-ihre-starke-wettbewerbsfaehigkeit-zu-erhalten\/","title":{"rendered":"Frans van Houten: Die Niederlande brauchen Europa, um ihre starke Wettbewerbsf\u00e4higkeit zu erhalten"},"content":{"rendered":"<figure id=\"attachment_15010\" aria-describedby=\"caption-attachment-15010\" style=\"width: 320px\" class=\"wp-caption alignright\"><a href=\"https:\/\/www.united-europe.eu\/wp-content\/uploads\/2019\/05\/Frans-van-Houten.jpg\"><img loading=\"lazy\" decoding=\"async\" class=\"size-thumbnail wp-image-15010\" src=\"https:\/\/www.united-europe.eu\/wp-content\/uploads\/2019\/05\/Frans-van-Houten-320x240.jpg\" alt=\"\" width=\"320\" height=\"240\" srcset=\"https:\/\/www.united-europe.eu\/wp-content\/uploads\/2019\/05\/Frans-van-Houten-320x240.jpg 320w, https:\/\/www.united-europe.eu\/wp-content\/uploads\/2019\/05\/Frans-van-Houten-300x225.jpg 300w, https:\/\/www.united-europe.eu\/wp-content\/uploads\/2019\/05\/Frans-van-Houten-560x420.jpg 560w, https:\/\/www.united-europe.eu\/wp-content\/uploads\/2019\/05\/Frans-van-Houten-600x450.jpg 600w, https:\/\/www.united-europe.eu\/wp-content\/uploads\/2019\/05\/Frans-van-Houten-640x480.jpg 640w, https:\/\/www.united-europe.eu\/wp-content\/uploads\/2019\/05\/Frans-van-Houten-1120x840.jpg 1120w\" sizes=\"auto, (max-width: 320px) 100vw, 320px\" \/><\/a><figcaption id=\"caption-attachment-15010\" class=\"wp-caption-text\">Frans van Houten, CEO Royal Philips<\/figcaption><\/figure>\n<p><em><span class=\"s1\">Angeregt durch die Artikelreihe\u00a0<\/span><\/em>\u201e<em><span class=\"s1\"><strong>Europa kann es besser<\/strong><\/span><\/em>\u201c<em><span class=\"s1\">, die von April bis Mai 2019 von\u00a0<strong>United Europe<\/strong>\u00a0und dem\u00a0<strong>Handelsblatt<\/strong>\u00a0ver\u00f6ffentlicht wurde, hat die niederl\u00e4ndische Zeitung \u201e<strong>Het financieele Dagbald<\/strong>\u201c Meinungen und Visionen von acht niederl\u00e4ndischen CEOs f\u00fcr eine gemeinsame und wettbewerbsf\u00e4hige EU ver\u00f6ffentlicht. Nachfolgend finden Sie den Artikel von <\/span><strong>Frans van Houten, CEO von Royal Philips<\/strong><\/em>:<\/p>\n<p>In den letzten 35 Jahren habe ich in sechs verschiedenen L\u00e4ndern gelebt, darunter Deutschland, die Vereinigten Staaten und Singapur, aber f\u00fcr mich sind die Niederlande einer der attraktivsten Orte zum Leben und Arbeiten. Es ist sch\u00f6n und sicher hier, es gibt eine gute Ausbildung und eine gute Gesundheitsversorgung. Dies wird von vielen Niederl\u00e4ndern geteilt. Laut dem Zentralamt f\u00fcr Statistik sagen fast 9 von 10 Niederl\u00e4ndern, dass sie gl\u00fccklich sind.<\/p>\n<p>Aber obwohl die Niederl\u00e4nder mit ihrem eigenen Leben zufrieden sind, gibt es auch ein Gef\u00fchl der Unzufriedenheit mit der Gesellschaft. Die Folgen der Krise beeintr\u00e4chtigen immer noch das Vertrauen. Die fortschreitende Digitalisierung und Automatisierung sch\u00fcrt die Angst vor Arbeitsplatzunsicherheit und stagnierenden Einkommen, und auch die Umweltbelange nehmen zu. Dar\u00fcber hinaus werden die Vorteile der Europ\u00e4ischen Union und der Globalisierung st\u00e4rker in Frage gestellt als in den letzten Jahrzehnten.<\/p>\n<p>Es ist vielleicht ein Reflex, sich hinter die Deiche zur\u00fcckzuziehen oder &#8222;dagegen&#8220; zu sein. Aber das wird \u00fcberhaupt nicht funktionieren. Um eine lebenswichtige Gesellschaft in den Niederlanden finanzieren zu k\u00f6nnen, Wohlstand und Wohlstand zu erhalten und Menschen in Not zu helfen, ist ein nachhaltiges Wirtschaftswachstum von mehr als 2% pro Jahr erforderlich. Das k\u00f6nnen wir nur erreichen, wenn wir Initiativen ergreifen.<\/p>\n<p>&#8222;Die Europ\u00e4ische Union ist sicherlich nicht perfekt. Die B\u00fcrokratie muss abgebaut und die Schlagkraft erh\u00f6ht werden&#8220;. Als kleines Land in Europa sind wir vom Ausland abh\u00e4ngig. So machen beispielsweise die niederl\u00e4ndischen Exporte nicht weniger als 32 % des Bruttoinlandsprodukts aus, und der internationale Handel ist eine wichtige Quelle f\u00fcr Arbeitspl\u00e4tze. Aufgrund ihrer internationalen Aktivit\u00e4ten machen multinationale Unternehmen zwei Drittel des Umsatzes niederl\u00e4ndischer Unternehmen und, entscheidend f\u00fcr das Wirtschaftswachstum, mehr als die H\u00e4lfte der Wertsch\u00f6pfung aus.<\/p>\n<p>Philips ist auch stark vom Ausland abh\u00e4ngig. Obwohl nur 3% unseres weltweiten Umsatzes von 18 Milliarden Euro in den Niederlanden erwirtschaftet werden, haben wir hier viele Aktivit\u00e4ten. Dank des Exports und des g\u00fcnstigen Gesch\u00e4ftsklimas lohnt es sich, in den Niederlanden j\u00e4hrlich 700 Millionen Euro f\u00fcr FuE auszugeben.<\/p>\n<p>Deshalb m\u00fcssen wir unseren Lebensunterhalt vor allem \u00fcber die Landesgrenzen hinaus verdienen. Deshalb m\u00fcssen sich die Niederlande weiterhin weltweit in Bezug auf Wissen, Kreativit\u00e4t, Unternehmergeist und Produktivit\u00e4t profilieren. Gl\u00fccklicherweise sind wir darin gut. Im Jahr 2018 ver\u00f6ffentlichte das Weltwirtschaftsforum ein Ranking der Wettbewerbsf\u00e4higkeit von 140 L\u00e4ndern. Die kleinen Niederlande liegen auf Platz sechs dieser Liste.<\/p>\n<p>Um diese Wettbewerbsst\u00e4rke der Niederlande zu erhalten, m\u00fcssen wir weiterhin in Talente und Unternehmertum investieren. Um dies zu erreichen, brauchen wir Europa. Nach den USA ist die Europ\u00e4ische Union der gr\u00f6\u00dfte Wirtschaftsraum der Welt mit dem freien Verkehr von Personen, Waren, Dienstleistungen und Kapital.<\/p>\n<p>F\u00fcr die Niederlande als wissensbasierte Wirtschaft ist es wichtig, dass das hier generierte Wissen so eingesetzt wird, dass es zum Wirtschaftswachstum beitr\u00e4gt. Ein bew\u00e4hrtes fruchtbares Umfeld f\u00fcr die Wissensvalorisierung ist ein Innovationscampus, von dem die Niederlande 17 haben. Der gr\u00f6\u00dfte ist der von Philips gegr\u00fcndete High Tech Campus in Eindhoven, an dem jedes Jahr neue Unternehmen und Start-ups teilnehmen. Dieses schnelle Wachstum muss jedoch von hochqualifizierten Mitarbeitern von Hochschulen und Universit\u00e4ten im In- und Ausland getragen werden.<\/p>\n<p>Nun m\u00f6chte ich sagen, dass die Europ\u00e4ische Union sicherlich nicht perfekt ist. Die B\u00fcrokratie sollte abgebaut und die Handlungsf\u00e4higkeit erh\u00f6ht werden. Gemeinsam k\u00f6nnten die Mitgliedstaaten mehr tun, um ihre Wettbewerbsposition gegen\u00fcber den USA und China zu verbessern, zum Beispiel im Bereich der k\u00fcnstlichen Intelligenz. Die Verbesserung Europas in Bezug auf Besch\u00e4ftigung, Klima und sozialen Zusammenhalt wird nur m\u00f6glich sein, wenn wir positive und konstruktive Anstrengungen unternehmen. Wir d\u00fcrfen uns daher nicht von den Rekrutierungskampagnen einiger Politiker verf\u00fchren lassen, die vorgeben, sich hinter den Deichen zur\u00fcckziehen zu k\u00f6nnen. Ich bin ein Optimist. Ich bin fest davon \u00fcberzeugt, dass wir als starke Niederlande die Chancen in einem vereinten Europa nutzen k\u00f6nnen. Lassen Sie uns das gemeinsam tun.<\/p>\n","protected":false},"excerpt":{"rendered":"<p>Angeregt durch die Artikelreihe\u00a0\u201eEuropa kann es besser\u201c, die von April bis Mai 2019 von\u00a0United Europe\u00a0und dem\u00a0Handelsblatt\u00a0ver\u00f6ffentlicht wurde, hat die niederl\u00e4ndische Zeitung \u201eHet financieele Dagbald\u201c Meinungen und Visionen von acht niederl\u00e4ndischen&hellip;<\/p>\n","protected":false},"author":16,"featured_media":15008,"comment_status":"closed","ping_status":"closed","sticky":false,"template":"","format":"standard","meta":{"_acf_changed":false,"footnotes":""},"categories":[641],"tags":[410,842,183,115,240],"powerkit_post_featured":[],"class_list":{"0":"post-14655","1":"post","2":"type-post","3":"status-publish","4":"format-standard","5":"has-post-thumbnail","7":"category-prominente-meinungen","8":"tag-eu-de","9":"tag-eu-reform-de","10":"tag-euro-en-de","11":"tag-euro","12":"tag-europe-de"},"acf":[],"aioseo_notices":[],"_links":{"self":[{"href":"https:\/\/www.united-europe.eu\/de\/wp-json\/wp\/v2\/posts\/14655","targetHints":{"allow":["GET"]}}],"collection":[{"href":"https:\/\/www.united-europe.eu\/de\/wp-json\/wp\/v2\/posts"}],"about":[{"href":"https:\/\/www.united-europe.eu\/de\/wp-json\/wp\/v2\/types\/post"}],"author":[{"embeddable":true,"href":"https:\/\/www.united-europe.eu\/de\/wp-json\/wp\/v2\/users\/16"}],"replies":[{"embeddable":true,"href":"https:\/\/www.united-europe.eu\/de\/wp-json\/wp\/v2\/comments?post=14655"}],"version-history":[{"count":5,"href":"https:\/\/www.united-europe.eu\/de\/wp-json\/wp\/v2\/posts\/14655\/revisions"}],"predecessor-version":[{"id":15048,"href":"https:\/\/www.united-europe.eu\/de\/wp-json\/wp\/v2\/posts\/14655\/revisions\/15048"}],"wp:featuredmedia":[{"embeddable":true,"href":"https:\/\/www.united-europe.eu\/de\/wp-json\/wp\/v2\/media\/15008"}],"wp:attachment":[{"href":"https:\/\/www.united-europe.eu\/de\/wp-json\/wp\/v2\/media?parent=14655"}],"wp:term":[{"taxonomy":"category","embeddable":true,"href":"https:\/\/www.united-europe.eu\/de\/wp-json\/wp\/v2\/categories?post=14655"},{"taxonomy":"post_tag","embeddable":true,"href":"https:\/\/www.united-europe.eu\/de\/wp-json\/wp\/v2\/tags?post=14655"},{"taxonomy":"powerkit_post_featured","embeddable":true,"href":"https:\/\/www.united-europe.eu\/de\/wp-json\/wp\/v2\/powerkit_post_featured?post=14655"}],"curies":[{"name":"wp","href":"https:\/\/api.w.org\/{rel}","templated":true}]}}