{"id":14643,"date":"2019-07-14T22:38:02","date_gmt":"2019-07-14T20:38:02","guid":{"rendered":"https:\/\/www.united-europe.eu\/?p=14643"},"modified":"2019-09-11T19:12:12","modified_gmt":"2019-09-11T17:12:12","slug":"die-europaeische-union-muss-die-vielfalt-besser-nutzen-und-viel-integrativer-werden","status":"publish","type":"post","link":"https:\/\/www.united-europe.eu\/de\/2019\/07\/die-europaeische-union-muss-die-vielfalt-besser-nutzen-und-viel-integrativer-werden\/","title":{"rendered":"Feike Sijbesma: Die EU als starke, vielf\u00e4ltige Einheit"},"content":{"rendered":"<figure id=\"attachment_15006\" aria-describedby=\"caption-attachment-15006\" style=\"width: 320px\" class=\"wp-caption alignright\"><a href=\"https:\/\/www.united-europe.eu\/wp-content\/uploads\/2019\/05\/Feike-Sijbesma.jpg\"><img loading=\"lazy\" decoding=\"async\" class=\"size-thumbnail wp-image-15006\" src=\"https:\/\/www.united-europe.eu\/wp-content\/uploads\/2019\/05\/Feike-Sijbesma-320x240.jpg\" alt=\"\" width=\"320\" height=\"240\" srcset=\"https:\/\/www.united-europe.eu\/wp-content\/uploads\/2019\/05\/Feike-Sijbesma-320x240.jpg 320w, https:\/\/www.united-europe.eu\/wp-content\/uploads\/2019\/05\/Feike-Sijbesma-300x225.jpg 300w, https:\/\/www.united-europe.eu\/wp-content\/uploads\/2019\/05\/Feike-Sijbesma-560x420.jpg 560w, https:\/\/www.united-europe.eu\/wp-content\/uploads\/2019\/05\/Feike-Sijbesma-600x450.jpg 600w, https:\/\/www.united-europe.eu\/wp-content\/uploads\/2019\/05\/Feike-Sijbesma-640x480.jpg 640w\" sizes=\"auto, (max-width: 320px) 100vw, 320px\" \/><\/a><figcaption id=\"caption-attachment-15006\" class=\"wp-caption-text\">Feike Sijbesma, CEO Royal DSM<\/figcaption><\/figure>\n<p><em><span class=\"s1\">Angeregt durch die Artikelreihe\u00a0<\/span><\/em>\u201e<em><span class=\"s1\"><strong>Europa kann es besser<\/strong><\/span><\/em>\u201c<em><span class=\"s1\">, die von April bis Mai 2019 von\u00a0<strong>United Europe<\/strong>\u00a0und dem\u00a0<strong>Handelsblatt<\/strong>\u00a0ver\u00f6ffentlicht wurde, hat die niederl\u00e4ndische Zeitung \u201e<strong>Het financieele Dagbald<\/strong>\u201c Meinungen und Visionen von acht niederl\u00e4ndischen CEOs f\u00fcr eine gemeinsame und wettbewerbsf\u00e4hige EU ver\u00f6ffentlicht. Nachfolgend finden Sie den Artikel von <strong>Feike Sijbesma, CEO of Royal DSM:<\/strong><\/span><\/em><\/p>\n<p>Am 23. Mai konnten die Niederlanden erneut abstimmen. F\u00fcr viele auf der Welt ist dies ein &#8211; fast undenkbares &#8211; Privileg. Diesmal durften wir sogar f\u00fcr einen breiteren Kontext als nur die Niederlande stimmen: die Europawahlen. Wer h\u00e4tte das vor 75 Jahren gedacht?<\/p>\n<p>Wir k\u00f6nnen stolz und dankbar sein f\u00fcr das, was wir in den Niederlanden seit dem Ende des Zweiten Weltkriegs gemeinsam aufgebaut haben. Ein wohlhabendes Land mit innovativem Unternehmertum, das vielen Menschen Arbeitspl\u00e4tze bietet. Als kleines (Handels-)Land haben die Niederlande von der Globalisierung profitiert. Durch die gemeinsame Bew\u00e4ltigung gro\u00dfer Herausforderungen, wie die Hochwasservorsorge in den 1960er Jahren oder den \u00dcbergang von Kohle zu Gas in den 1970er Jahren, durch das gemeinsame &#8222;Poldern&#8220; und durch Investitionen in neue Technologien stehen die Niederlande heute an der Spitze vieler Listen. Die Niederlande sind weltweit die Nummer zwei im Bereich der Innovation, wir sind eines der am wenigsten korrupten L\u00e4nder und niederl\u00e4ndische Kinder geh\u00f6ren zu den gl\u00fccklichsten der Welt.<\/p>\n<p>Aber was aufgebaut wurde, darf nie als selbstverst\u00e4ndlich angesehen werden. Und obwohl die Globalisierung uns Wohlstand gebracht hat, m\u00fcssen wir auch feststellen, dass sich die (niedrigeren) mittleren Einkommen in den Niederlanden sicherlich in den letzten 25 Jahren kaum verbessert haben. Ein Teil unserer Gesellschaft &#8211; in den Niederlanden, in Europa und in der Welt &#8211; hat wenig oder gar nicht vom Wirtschaftswachstum profitiert. Auch die Schwellenl\u00e4nder wie China und Indien werden ihren Teil der Welterfahrung einbringen. Wie das Niederl\u00e4ndische Institut f\u00fcr Sozialforschung (Sociaal en Cultureel Planbureau) beschreibt, nehmen die Gef\u00fchle von Ungleichheit und Unsicherheit unter den Niederl\u00e4ndern zu. Das Gef\u00fchl, dass es kaum Einfluss auf wichtige Entscheidungen gibt, die uns betreffen. Und es gibt Sorgen um Arbeitspl\u00e4tze und Einkommen, das Klima &#8211; aber auch seine Kosten &#8211; und damit um unsere Verbindung und die Zukunft, auch unserer Kinder. Auch die F\u00fchrungskr\u00e4fte reagieren darauf.<\/p>\n<p>Die EU-Erweiterung ist nur m\u00f6glich, wenn es eine gute Grundlage f\u00fcr eine fruchtbare Zusammenarbeit gibt. Die Antwort auf diese Bedenken ist jedoch nicht, sich von der Globalisierung abzuschotten, unsere Grenzen zu schlie\u00dfen und sich hinter die Deiche zur\u00fcckzuziehen. Besser, auf dem Guten aufzubauen, das uns der Wohlstand als kleines Land gebracht hat: Zusammenarbeit &#8211; im Vertrauen &#8211; mit einer offenen Wirtschaft. Selbstbewusst zu sein bedeutet nicht, naiv zu sein. Die Europ\u00e4ische Union hat uns als Land viel Gutes getan, aber wir m\u00fcssen sicherstellen, dass die EU nicht von einer komplexen b\u00fcrokratischen Struktur \u00fcberschattet wird und keine Entscheidungen trifft, die wir auf nationaler oder regionaler Ebene besser regeln k\u00f6nnen. Das schnelle Wachstum der Zahl der EU-Mitgliedstaaten ist f\u00fcr einige zu schnell verlaufen und hat vielleicht zu wenig sichtbare Vorteile gebracht. Eine weitere Erweiterung ist nur m\u00f6glich, wenn es eine gute Grundlage f\u00fcr eine fruchtbare Zusammenarbeit gibt, nicht nur im wirtschaftlichen Bereich, sondern auch im politischen und sozialen Bereich. Gemeinsame Normen und Werte sind dabei von gro\u00dfer Bedeutung.<\/p>\n<p>Nicht jeder wei\u00df, dass Europa die gr\u00f6\u00dfte Volkswirtschaft der Welt ist, in die andere investieren wollen. Davon k\u00f6nnen wir profitieren. Unsere Wirtschaft bietet beispiellose M\u00f6glichkeiten f\u00fcr Innovation, Bildung, Infrastruktur und Arbeitsmarkt. Im Vergleich zu anderen Kontinenten ist das Gesch\u00e4ft in Europa auch in puncto Nachhaltigkeit deutlich weiter fortgeschritten. Immer mehr Unternehmen erkennen, dass die Aufgabe eines Unternehmens mehr ist als nur Geld zu verdienen. Finanziell gut wirtschaften geht Hand in Hand mit dem Wohle der Welt und unserer Gesellschaft. Auch hier gibt es M\u00f6glichkeiten.<\/p>\n<p>Es ist wichtig, dass die EU eine starke Einheit gegen\u00fcber den anderen &#8222;Gro\u00dfm\u00e4chten&#8220; bildet. Dies kann nur erreicht werden, wenn eine gemeinsame Stimme geh\u00f6rt wird. Dabei m\u00fcssen wir die Unterschiede, die Vielfalt in Europa nutzen. Zum Beispiel durch die Kombination von &#8211; vielleicht klischeehaften &#8211; deutscher Technik, italienischer Kunst und Design und niederl\u00e4ndischem Handelsgeist. Denn so k\u00f6nnen wir voneinander lernen und vorankommen.<\/p>\n<p>Bei diesen Fortschritten geht es neben der Wirtschaft auch um das Klima, die Erreichung der Pariser Ziele mit einem europ\u00e4ischen CO2-Preis als Anreiz, ein nachhaltiges Ern\u00e4hrungssystem, die biologische Vielfalt, den Energiewandel, eine Kreislaufwirtschaft, Innovation, Bildung und eine gemeinsame Fl\u00fcchtlingspolitik. Anhaltender Wohlstand erfordert ein kooperatives Europa, in dem wir die Probleme mit Mut und Innovation angehen. Wo wir jeden mitnehmen und jeder von unseren St\u00e4rken profitieren kann. Die Niederlande und Europa f\u00fcr und mit allem, die die Vorteile der Globalisierung nutzen, aber viel umfassender als bisher, konzentrierten sich auch auf Wohlstand und Wohlstand f\u00fcr zuk\u00fcnftige Generationen.<\/p>\n","protected":false},"excerpt":{"rendered":"<p>Angeregt durch die Artikelreihe\u00a0\u201eEuropa kann es besser\u201c, die von April bis Mai 2019 von\u00a0United Europe\u00a0und dem\u00a0Handelsblatt\u00a0ver\u00f6ffentlicht wurde, hat die niederl\u00e4ndische Zeitung \u201eHet financieele Dagbald\u201c Meinungen und Visionen von acht niederl\u00e4ndischen&hellip;<\/p>\n","protected":false},"author":16,"featured_media":15004,"comment_status":"closed","ping_status":"closed","sticky":false,"template":"","format":"standard","meta":{"_acf_changed":false,"footnotes":""},"categories":[641],"tags":[410,240,289,185],"powerkit_post_featured":[],"class_list":{"0":"post-14643","1":"post","2":"type-post","3":"status-publish","4":"format-standard","5":"has-post-thumbnail","7":"category-prominente-meinungen","8":"tag-eu-de","9":"tag-europe-de","10":"tag-european-identity-de","11":"tag-netherlands-de"},"acf":[],"aioseo_notices":[],"_links":{"self":[{"href":"https:\/\/www.united-europe.eu\/de\/wp-json\/wp\/v2\/posts\/14643","targetHints":{"allow":["GET"]}}],"collection":[{"href":"https:\/\/www.united-europe.eu\/de\/wp-json\/wp\/v2\/posts"}],"about":[{"href":"https:\/\/www.united-europe.eu\/de\/wp-json\/wp\/v2\/types\/post"}],"author":[{"embeddable":true,"href":"https:\/\/www.united-europe.eu\/de\/wp-json\/wp\/v2\/users\/16"}],"replies":[{"embeddable":true,"href":"https:\/\/www.united-europe.eu\/de\/wp-json\/wp\/v2\/comments?post=14643"}],"version-history":[{"count":7,"href":"https:\/\/www.united-europe.eu\/de\/wp-json\/wp\/v2\/posts\/14643\/revisions"}],"predecessor-version":[{"id":15043,"href":"https:\/\/www.united-europe.eu\/de\/wp-json\/wp\/v2\/posts\/14643\/revisions\/15043"}],"wp:featuredmedia":[{"embeddable":true,"href":"https:\/\/www.united-europe.eu\/de\/wp-json\/wp\/v2\/media\/15004"}],"wp:attachment":[{"href":"https:\/\/www.united-europe.eu\/de\/wp-json\/wp\/v2\/media?parent=14643"}],"wp:term":[{"taxonomy":"category","embeddable":true,"href":"https:\/\/www.united-europe.eu\/de\/wp-json\/wp\/v2\/categories?post=14643"},{"taxonomy":"post_tag","embeddable":true,"href":"https:\/\/www.united-europe.eu\/de\/wp-json\/wp\/v2\/tags?post=14643"},{"taxonomy":"powerkit_post_featured","embeddable":true,"href":"https:\/\/www.united-europe.eu\/de\/wp-json\/wp\/v2\/powerkit_post_featured?post=14643"}],"curies":[{"name":"wp","href":"https:\/\/api.w.org\/{rel}","templated":true}]}}