{"id":14254,"date":"2019-06-27T21:17:05","date_gmt":"2019-06-27T19:17:05","guid":{"rendered":"https:\/\/www.united-europe.eu\/?p=14254"},"modified":"2019-09-11T19:23:48","modified_gmt":"2019-09-11T17:23:48","slug":"wenn-europa-untergeht-sind-wir-nichts-anderes-als-bauern-im-spiel-der-supermaechte","status":"publish","type":"post","link":"https:\/\/www.united-europe.eu\/de\/2019\/06\/wenn-europa-untergeht-sind-wir-nichts-anderes-als-bauern-im-spiel-der-supermaechte\/","title":{"rendered":"Karl Guha: Wenn Europa untergeht, sind wir nichts anderes als Bauern im Spiel der Superm\u00e4chte"},"content":{"rendered":"<figure id=\"attachment_15022\" aria-describedby=\"caption-attachment-15022\" style=\"width: 320px\" class=\"wp-caption alignright\"><a href=\"https:\/\/www.united-europe.eu\/wp-content\/uploads\/2019\/05\/Karl-Guha.jpg\"><img loading=\"lazy\" decoding=\"async\" class=\"size-thumbnail wp-image-15022\" src=\"https:\/\/www.united-europe.eu\/wp-content\/uploads\/2019\/05\/Karl-Guha-320x240.jpg\" alt=\"\" width=\"320\" height=\"240\" srcset=\"https:\/\/www.united-europe.eu\/wp-content\/uploads\/2019\/05\/Karl-Guha-320x240.jpg 320w, https:\/\/www.united-europe.eu\/wp-content\/uploads\/2019\/05\/Karl-Guha-300x225.jpg 300w, https:\/\/www.united-europe.eu\/wp-content\/uploads\/2019\/05\/Karl-Guha-560x420.jpg 560w, https:\/\/www.united-europe.eu\/wp-content\/uploads\/2019\/05\/Karl-Guha-600x450.jpg 600w, https:\/\/www.united-europe.eu\/wp-content\/uploads\/2019\/05\/Karl-Guha-640x480.jpg 640w, https:\/\/www.united-europe.eu\/wp-content\/uploads\/2019\/05\/Karl-Guha-1120x840.jpg 1120w\" sizes=\"auto, (max-width: 320px) 100vw, 320px\" \/><\/a><figcaption id=\"caption-attachment-15022\" class=\"wp-caption-text\">Karl Guha, CEO Van Lanschot Kempen<\/figcaption><\/figure>\n<p><em><span class=\"s1\">Angeregt durch die Artikelreihe\u00a0<\/span><\/em>\u201e<em><span class=\"s1\"><strong>Europa kann es besser<\/strong><\/span><\/em>\u201c<em><span class=\"s1\">, die von April bis Mai 2019 von\u00a0<strong>United Europe<\/strong>\u00a0und dem\u00a0<strong>Handelsblatt<\/strong>\u00a0ver\u00f6ffentlicht wurde, hat die niederl\u00e4ndische Zeitung \u201e<strong>Het financieele Dagbald<\/strong>\u201c Meinungen und Visionen von acht niederl\u00e4ndischen CEOs f\u00fcr eine gemeinsame und wettbewerbsf\u00e4hige EU ver\u00f6ffentlicht. Nachfolgend finden Sie den Artikel von <strong>Karl Guha, CEO von Van Lanschot Kempen<\/strong>:<\/span><\/em><\/p>\n<p>Die europ\u00e4ische Idee ist wichtig, denn alles, was ihr zugrunde liegt, hat uns Stabilit\u00e4t und Wohlstand gebracht. Sie hat einen ersch\u00f6pften Kontinent aus der Asche zweier Weltkriege wiederbelebt, um Frieden und Freiheit zu garantieren.<br \/>\nWie viele meiner Generation bin ich im Schatten dieser Kriege aufgewachsen, die mehrere Generationen meiner Familie zutiefst getroffen haben. Urspr\u00fcnglich waren es europ\u00e4ische Kriege, in die sich schlie\u00dflich die ganze Welt einmischte. Wir in Europa haben daher eine Verpflichtung gegen\u00fcber der gesamten Menschheit.<br \/>\nIn meiner Jugend war der Krieg alles andere als ein abstraktes Konzept. Es manifestierte sich t\u00e4glich in unz\u00e4hligen Formen, von denen &#8222;Iss deinen Teller leer&#8220; und &#8222;Sei dankbar f\u00fcr das, was du hast&#8220; nur einige Beispiele sind. Die Schatten des Krieges waren immer da. Ich war mir daher der Opfer bewusst, die die Menschen gebracht hatten, die es mir erlaubten, in Frieden aufzuwachsen. Aber jeden Tag lebe ich, dieses Bewusstsein verblasst ein wenig, und mit ihm der Glaube, dass wir f\u00fcr das k\u00e4mpfen m\u00fcssen, woran wir glauben. Das zu vergessen, ist meiner Meinung nach eine S\u00fcnde.<br \/>\nDie Idee hinter Europa steht f\u00fcr viele Dinge, die ich f\u00fcr grundlegend halte: Rechtsstaatlichkeit, Demokratie, das Recht, sich zu \u00e4u\u00dfern, das Recht, in Frieden und Harmonie zu leben, die Trennung von Kirche und Staat, Religionsfreiheit und andere erworbene Freiheiten in unserer Gesellschaft, Solidarit\u00e4t gegen\u00fcber den weniger Gl\u00fccklichen und Freihandel.<br \/>\nAber diese Freiheiten stehen unter Druck. Die Bedrohung kommt von allen Seiten, von der extremen Linken bis zur extremen Rechten, von alten Verb\u00fcndeten wie den Vereinigten Staaten bis hin zu alten Feinden in Russland, dem Nahen Osten und China. Sie alle stellen auf ihre ganz eigene Weise eine Bedrohung dar. Aber die europ\u00e4ische Idee ist stark und kann nicht zerst\u00f6rt werden, wenn wir sie nicht selbst zulassen. Die gr\u00f6\u00dfte Gefahr kommt also von innen, mit Selbstzufriedenheit vielleicht der gr\u00f6\u00dfte Feind von allen.<br \/>\nDer Nationalstaat &#8211; ein preu\u00dfisches Konzept &#8211; ist wichtig, darf aber nicht zum Untergang Europas f\u00fchren. Wir wollen es nicht h\u00f6ren, geschweige denn akzeptieren, aber die Wahrheit ist, dass wir als Menschen immer noch (zu) oft in Stammeskriegen verwickelt sind. Wir d\u00fcrfen nicht zulassen, dass dieser Stammesinstinkt die Oberhand gewinnt. Es besteht eine gro\u00dfe Gefahr, wenn man &#8222;andere&#8220; als verd\u00e4chtig und gef\u00e4hrlich ansieht. Europa besteht aus mehreren und unterschiedlichen Kulturen. Das ist unsere St\u00e4rke. Einheit in der Vielfalt, k\u00f6nnte man sagen. Die Bedrohungen, denen wir ausgesetzt sind, vom Klima bis zur Cyberkriminalit\u00e4t, werden besser von einem vereinten Europa bew\u00e4ltigt als von einzelnen Nationalstaaten, die versuchen, etwas dagegen zu unternehmen. Wenn das Europa, das wir heute kennen, untergeht, werden wir im internationalen Spiel der Superm\u00e4chte nichts weiter als kleine Bauern sein. Als fast 300 Jahre altes Unternehmen ist die Geschichte von Van Lanschot Kempen tief mit der der Niederlande und Europas verwoben. In unserer Geschichte haben wir uns dem Wohlstand und dem Wohlstand f\u00fcr unsere Kunden und die Gesellschaft als Ganzes verschrieben. Wir sind fest davon \u00fcberzeugt, dass es ohne Reichtum keine Besteuerung g\u00e4be, und ohne Besteuerung und deren gerechte Verteilung g\u00e4be es keine stabile Gesellschaft. Stabile, rechtsstaatliche Gesellschaften sorgen f\u00fcr Demokratie, Wohlstand und Frieden. Genau deshalb glauben wir an die europ\u00e4ische Idee.<br \/>\nEuropa braucht Reformen, nicht Zerst\u00f6rung. Bevor wir jedoch einen hastigen n\u00e4chsten Schritt machen, ist es wichtig, zuerst zu konsolidieren und zu verbessern. Es liegt an uns allen, jetzt zu handeln &#8211; mit unserem Gewissen zu denken, mit einem klaren und erhobenen Kopf, und f\u00fcr die Tr\u00e4ume unserer Vorfahren zu k\u00e4mpfen. Schlechte Dinge passieren, wenn die schweigende Mehrheit schweigt.\u00a0 Wir m\u00fcssen unserer Stimme Geh\u00f6r verschaffen und f\u00fcr die Menschen stimmen, die unsere Hoffnungen und Tr\u00e4ume f\u00fcr unsere Kinder am besten vertreten, damit auch sie in Frieden und Wohlstand leben k\u00f6nnen.<\/p>\n<p>&nbsp;<\/p>\n","protected":false},"excerpt":{"rendered":"<p>Angeregt durch die Artikelreihe\u00a0\u201eEuropa kann es besser\u201c, die von April bis Mai 2019 von\u00a0United Europe\u00a0und dem\u00a0Handelsblatt\u00a0ver\u00f6ffentlicht wurde, hat die niederl\u00e4ndische Zeitung \u201eHet financieele Dagbald\u201c Meinungen und Visionen von acht niederl\u00e4ndischen&hellip;<\/p>\n","protected":false},"author":16,"featured_media":15020,"comment_status":"closed","ping_status":"closed","sticky":false,"template":"","format":"standard","meta":{"_acf_changed":false,"footnotes":""},"categories":[641],"tags":[],"powerkit_post_featured":[],"class_list":{"0":"post-14254","1":"post","2":"type-post","3":"status-publish","4":"format-standard","5":"has-post-thumbnail","7":"category-prominente-meinungen"},"acf":[],"aioseo_notices":[],"_links":{"self":[{"href":"https:\/\/www.united-europe.eu\/de\/wp-json\/wp\/v2\/posts\/14254","targetHints":{"allow":["GET"]}}],"collection":[{"href":"https:\/\/www.united-europe.eu\/de\/wp-json\/wp\/v2\/posts"}],"about":[{"href":"https:\/\/www.united-europe.eu\/de\/wp-json\/wp\/v2\/types\/post"}],"author":[{"embeddable":true,"href":"https:\/\/www.united-europe.eu\/de\/wp-json\/wp\/v2\/users\/16"}],"replies":[{"embeddable":true,"href":"https:\/\/www.united-europe.eu\/de\/wp-json\/wp\/v2\/comments?post=14254"}],"version-history":[{"count":3,"href":"https:\/\/www.united-europe.eu\/de\/wp-json\/wp\/v2\/posts\/14254\/revisions"}],"predecessor-version":[{"id":15053,"href":"https:\/\/www.united-europe.eu\/de\/wp-json\/wp\/v2\/posts\/14254\/revisions\/15053"}],"wp:featuredmedia":[{"embeddable":true,"href":"https:\/\/www.united-europe.eu\/de\/wp-json\/wp\/v2\/media\/15020"}],"wp:attachment":[{"href":"https:\/\/www.united-europe.eu\/de\/wp-json\/wp\/v2\/media?parent=14254"}],"wp:term":[{"taxonomy":"category","embeddable":true,"href":"https:\/\/www.united-europe.eu\/de\/wp-json\/wp\/v2\/categories?post=14254"},{"taxonomy":"post_tag","embeddable":true,"href":"https:\/\/www.united-europe.eu\/de\/wp-json\/wp\/v2\/tags?post=14254"},{"taxonomy":"powerkit_post_featured","embeddable":true,"href":"https:\/\/www.united-europe.eu\/de\/wp-json\/wp\/v2\/powerkit_post_featured?post=14254"}],"curies":[{"name":"wp","href":"https:\/\/api.w.org\/{rel}","templated":true}]}}