{"id":14179,"date":"2019-06-06T16:31:09","date_gmt":"2019-06-06T14:31:09","guid":{"rendered":"https:\/\/www.united-europe.eu\/?p=14179"},"modified":"2019-07-03T12:07:56","modified_gmt":"2019-07-03T10:07:56","slug":"bewerbungsaufruf-fuer-unser-naechstes-young-professionals-seminar-in-lissabon","status":"publish","type":"post","link":"https:\/\/www.united-europe.eu\/de\/2019\/06\/bewerbungsaufruf-fuer-unser-naechstes-young-professionals-seminar-in-lissabon\/","title":{"rendered":"Bewerbungsaufruf f\u00fcr unser n\u00e4chstes Young Professionals Seminar in Lissabon!"},"content":{"rendered":"<p>Am <strong>17. und 18. Oktober 2019<\/strong> findet das <strong>16. Young Professionals Seminar<\/strong> von United Europe im sch\u00f6nen <strong>Lissabon<\/strong> statt (Ankunft am 16., Abreise am 19. Oktober). In Zusammenarbeit mit der <strong>Universit\u00e4t Lus\u00edada<\/strong> laden wir <strong>20 bis 25<\/strong> europ\u00e4ische Nachwuchstalente zwischen <strong>25 und 35<\/strong> Jahren aus allen Berufen zu einem Seminar ein mit dem Thema:<\/p>\n<h3 id=\"wie-kann-die-eurozone-gestaerkt-werden\" style=\"text-align: center;\"><strong>Wie kann die Eurozone gest\u00e4rkt werden?<\/strong><\/h3>\n<p>Zu Beginn des Jahres 2018 schien die Eurokrise \u00fcberwunden zu sein. Laut einem Artikel der <a href=\"https:\/\/www.ft.com\/content\/fa51da8c-0049-11e8-9650-9c0ad2d7c5b5\">Financial Times<\/a>, sei \u201ef\u00fcnf lange Jahre nach der Rezession im Jahr 2011 und dem Versprechen von Mario Draghi\u201c die Erholung in der Eurozone \u201eendlich real. Noch vor einem Jahr diskutierten Skeptiker, wie und nicht ob die Eurozone auseinanderbrechen w\u00fcrde. Heute rei\u00dfen sich Investoren um spanische, portugiesischen italienische und griechische Schulden. Rating-Agenturen verteilen Upgrades.&#8220;<\/p>\n<p>Jetzt, sieben Jahre sp\u00e4ter, sieht die Eurozone insgesamt gesund und stabil aus; seit der Finanzkrise wurden 1,4 Billionen Euro an Zinsen eingespart. Die Euro-L\u00e4nder haben es aus dem Krisenmodus geschafft; sie halten sich an die Defizitregeln, haben 14 Millionen zus\u00e4tzliche Arbeitspl\u00e4tze geschaffen und bilden mit dem dichtesten globalen Freihandelsnetz die st\u00e4rkste Wirtschaftszone der Welt.<\/p>\n<p>Trotz der positiven Schlagzeilen fehlt es jedoch immer noch an Konvergenz zwischen den L\u00e4ndern der Eurozone. Sie m\u00fcssen weiter stabilisiert werden, um den internen Druck zu verringern. Die Krisenstr\u00e4nge, die die Eurokrise verursachen &#8211; die Bankenkrise, die Staatsschuldenkrise und die Wettbewerbskrise &#8211; sind noch lange nicht gel\u00f6st. Das Staatsschuldenproblem eskaliert weiter. So wiesen beispielsweise Griechenland, Frankreich und Italien \u00fcber mehrere Jahre hinweg unterdurchschnittliche oder sogar negative BIP-Wachstumsraten auf.<\/p>\n<p>Das politische Spektrum in der Eurozone wird immer radikaler und die Bereitschaft, gemeinsame L\u00f6sungen in der Eurozone zu finden, nimmt immer mehr ab. Die Banken, die von schlechten Krediten durchdrungen sind, l\u00e4hmen den Privatsektor. In den Krisenl\u00e4ndern wird einer ganzen Generation die Chance auf Leben und Zukunft genommen. Gleichzeitig droht eine neue Weltunordnung, in der ein schwaches Europa kaum eine Rolle bei der Gestaltung der Globalisierung nach ihren Werten spielen wird.<br \/>\nDas Seminar diskutiert den aktuellen Stand der Eurozone und definiert, was notwendig ist, um sie stabil zu halten.<\/p>\n<p><strong>Die zu diskutierenden Themen sind:<\/strong><br \/>\n&#8211; Wie kann die EU den neuen internen und externen Herausforderungen begegnen und welche institutionellen Ver\u00e4nderungen k\u00f6nnten helfen?<br \/>\n&#8211; Wie wirken sich die Europawahlen und der Brexit auf die Eurozone aus?<br \/>\n&#8211; Wie haben Portugal und Irland die Krise \u00fcberwunden \u2013 k\u00f6nnen sie Vorbilder f\u00fcr andere L\u00e4nder sein? Inwiefern beeinflussen China und die BRI die Eurozone und die europ\u00e4ische Integration?<br \/>\n&#8211; Was k\u00f6nnen Politik und Wirtschaft tun und was tun sie, um die n\u00e4chste Krise zu verhindern?<\/p>\n<p>Die Seminarsprache ist <strong>Englisch<\/strong>.<\/p>\n<p>Bewerber werden gebeten, als <strong>Vorarbeit einen kurzen<\/strong> Text (max. 1 &#8211; 2 DIN A4-Seiten\/6.500 Zeichen) \u00fcber die Frage zu schreiben:<\/p>\n<p><strong>\u201eWie kann die EU den neuen internen und externen Herausforderungen begegnen und welche institutionellen Ver\u00e4nderungen k\u00f6nnten helfen?&#8220;<\/strong><\/p>\n<p>Sie k\u00f6nnen den Aufsatz gerne aus Ihrer pers\u00f6nlichen Sicht und unter Ber\u00fccksichtigung der spezifischen Situation Ihres Landes verfassen.<\/p>\n<p>Bewerbungen m\u00fcssen diesen Text, ein kurzes Anschreiben mit Interesse und Motivation (1 Seite, einschlie\u00dflich der Frage, was Sie von diesem Seminar erwarten) sowie einen Lebenslauf (inkl. Foto und Geburtsdatum, max. 2 Seiten) enthalten. Alle Dokumente m\u00fcssen elektronisch im PDF-Format in englischer Sprache eingereicht werden und d\u00fcrfen 2 GB nicht \u00fcberschreiten. Wir k\u00f6nnen nur vollst\u00e4ndige Bewerbungen ber\u00fccksichtigen.<\/p>\n<p><strong>Bitte senden Sie Ihre Bewerbung in einem Dokument bis zum 1. Juli 2019<\/strong> (12:00 Uhr) an <a href=\"mailto:events@united-europe.eu\">events@united-europe.eu<\/a>.<\/p>\n","protected":false},"excerpt":{"rendered":"<p>Am 17. und 18. Oktober 2019 findet das 16. Young Professionals Seminar von United Europe im sch\u00f6nen Lissabon statt (Ankunft am 16., Abreise am 19. Oktober). In Zusammenarbeit mit der&hellip;<\/p>\n","protected":false},"author":16,"featured_media":14177,"comment_status":"closed","ping_status":"closed","sticky":false,"template":"","format":"standard","meta":{"_acf_changed":false,"footnotes":""},"categories":[620],"tags":[284,1009,272,461,1055,802],"powerkit_post_featured":[],"class_list":{"0":"post-14179","1":"post","2":"type-post","3":"status-publish","4":"format-standard","5":"has-post-thumbnail","7":"category-news-de","8":"tag-euro-crisis-de","9":"tag-eurokrise","10":"tag-eurozone-de","11":"tag-finanzkrise","12":"tag-young-professionals-seminar-de","13":"tag-yps"},"acf":[],"aioseo_notices":[],"_links":{"self":[{"href":"https:\/\/www.united-europe.eu\/de\/wp-json\/wp\/v2\/posts\/14179","targetHints":{"allow":["GET"]}}],"collection":[{"href":"https:\/\/www.united-europe.eu\/de\/wp-json\/wp\/v2\/posts"}],"about":[{"href":"https:\/\/www.united-europe.eu\/de\/wp-json\/wp\/v2\/types\/post"}],"author":[{"embeddable":true,"href":"https:\/\/www.united-europe.eu\/de\/wp-json\/wp\/v2\/users\/16"}],"replies":[{"embeddable":true,"href":"https:\/\/www.united-europe.eu\/de\/wp-json\/wp\/v2\/comments?post=14179"}],"version-history":[{"count":2,"href":"https:\/\/www.united-europe.eu\/de\/wp-json\/wp\/v2\/posts\/14179\/revisions"}],"predecessor-version":[{"id":14182,"href":"https:\/\/www.united-europe.eu\/de\/wp-json\/wp\/v2\/posts\/14179\/revisions\/14182"}],"wp:featuredmedia":[{"embeddable":true,"href":"https:\/\/www.united-europe.eu\/de\/wp-json\/wp\/v2\/media\/14177"}],"wp:attachment":[{"href":"https:\/\/www.united-europe.eu\/de\/wp-json\/wp\/v2\/media?parent=14179"}],"wp:term":[{"taxonomy":"category","embeddable":true,"href":"https:\/\/www.united-europe.eu\/de\/wp-json\/wp\/v2\/categories?post=14179"},{"taxonomy":"post_tag","embeddable":true,"href":"https:\/\/www.united-europe.eu\/de\/wp-json\/wp\/v2\/tags?post=14179"},{"taxonomy":"powerkit_post_featured","embeddable":true,"href":"https:\/\/www.united-europe.eu\/de\/wp-json\/wp\/v2\/powerkit_post_featured?post=14179"}],"curies":[{"name":"wp","href":"https:\/\/api.w.org\/{rel}","templated":true}]}}