{"id":13695,"date":"2019-05-04T18:32:06","date_gmt":"2019-05-04T16:32:06","guid":{"rendered":"https:\/\/www.united-europe.eu\/?p=13695"},"modified":"2019-05-04T19:40:00","modified_gmt":"2019-05-04T17:40:00","slug":"buchpraesentation-von-europa-kann-es-besser-am-montag-in-berlin","status":"publish","type":"post","link":"https:\/\/www.united-europe.eu\/de\/2019\/05\/buchpraesentation-von-europa-kann-es-besser-am-montag-in-berlin\/","title":{"rendered":"Buchpr\u00e4sentation von &#8222;Europa kann es besser&#8220; am Montag in Berlin"},"content":{"rendered":"<p>Wir freuen uns auf die <strong>offizielle Pr\u00e4sentation<\/strong> des Buches &#8222;<strong>Europa kann es besser<\/strong>&#8222;, das vom <strong>Handelsblatt<\/strong> und von <strong>United Europe<\/strong> initiiert wurde.<\/p>\n<p>Das Buch wird am Montag, dem 6. Mai von der CDU-Vorsitzenden <strong>Annegret Kramp-Karrenbauer<\/strong> in der <strong>ESMT Berlin<\/strong> vorgestellt.<br \/>\nNach der Pr\u00e4sentation folgt eine Podiumsdiskussion mit vier Autoren des Buches: <strong>J\u00fcrgen Gro\u00dfmann<\/strong> (United Europe), <strong>Ingrid Hengster<\/strong> (KfW Entwiklungsbank), <strong>Richard Lutz<\/strong> (Deutsche Bahn) und <strong>Simone Menne<\/strong> (Managerin und Multi-Aufsichtsr\u00e4tin). Moderator ist <strong>Sven Afh\u00fcppe<\/strong>, Chefredakteur des Handelsblatts und gemeinsam mit <strong>Thomas Sigmund<\/strong>, Leiter des Hauptstadtb\u00fcros des Handelsblatts Herausgeber des Buches.<\/p>\n<p>In diesem Buch machen sich erstmals <strong>30 Vorstandschefs, Mittelst\u00e4ndler und Startup-Unternehmer<\/strong> aus Deutschland, Finnland, \u00d6sterreich und Spanien Gedanken \u00fcber die Zukunft des Kontinents.<br \/>\nZu den weiteren Autoren geh\u00f6ren <strong>Hannes Ametsreiter<\/strong> (Vodafone Germany), <strong>Werner Baumann<\/strong> (Bayer), <strong>Martin Bruderm\u00fcller<\/strong> (BASF), <strong>Marcus Braun<\/strong> (Wirecard), <strong>Wolfgang Eder<\/strong> (voestalpine), <strong>Tom Enders<\/strong> (Airbus), <strong>Ignacio S. Gal\u00e1n<\/strong> (Iberdrola), <strong>Angelika Gifford<\/strong> (TUI, ProSiebenSat.1), <strong>Matthias Hartmann<\/strong> (IBM Germany), <strong> Antti Herlin<\/strong> (Kone), <strong>Timotheus H\u00f6ttges<\/strong> (Deutsche Telekom), <strong>Richard Lutz<\/strong> (Deutsche Bahn), <strong>Tina M\u00fcller<\/strong> (Douglas), <strong>Ren\u00e9 Obermann<\/strong> (Warburg Pincus International), <strong> Peter Oswald<\/strong> (Mondi Group), <strong>J\u00f6rg Rocholl<\/strong> (ESMT Berlin), <strong>Kasper Rorsted<\/strong> (Adidas), <strong>Rolf Schmitz<\/strong> (RWE), <strong>Christian Sewing<\/strong> (Deutsche Bank), <strong>Johannes Teyssen<\/strong> (E.ON), <strong>Frank Thelen<\/strong> (Freigeist Capital), <strong>Andreas Treichl<\/strong> (Erste Bank), <strong>Hans Van Bylen<\/strong> (Henkel), <strong>Carola Gr\u00e4fin von Schmettow<\/strong> (HSBC Trinkaus), <strong>Ralf Wintergerst<\/strong> (Giesecke+Devrient), <strong>Reinhold W\u00fcrth<\/strong> (W\u00fcrth Group) und <strong>Dieter Zetsche<\/strong> (Daimler).<\/p>\n<p>Das Ergebnis ist ein <strong>Reformprogramm f\u00fcr die angeschlagene Europa AG<\/strong>, das in seiner Art einzigartig ist \u2013 und zu den Vorgaben der neuen EU-Kommission geh\u00f6rt. <strong>Keine politischen Sonntagsreden<\/strong>, sondern konkrete Handlungsempfehlungen und eine Vision, mit der sich Europa den Feinden der Demokratie und des Freihandels stellen kann. Weil: \u201eHand aufs Herz \u2013 keine Demokratie in der Welt ist perfekt, aber die europ\u00e4ische Demokratie bleibt ein Leuchtfeuer in einer sich langsam verdunkelnden geopolitischen Welt\u201c, schreibt <strong>Wolfgang Sch\u00fcssel<\/strong>, Pr\u00e4sident von United Europe, im Vorwort des Buches.<\/p>\n<p>Das Buch ist im <strong>Herder-Verlag<\/strong> erschienen und im Buchhandel und auf der <a href=\"https:\/\/www.herder.de\/geschichte-politik-shop\/europa-kann-es-besser-gebundene-ausgabe\/c-34\/p-15322\/\">Website des Herder-Verlages<\/a> erh\u00e4ltlich.<br \/>\nAlle Artikel erscheinen bis zur <strong>Europawahl<\/strong> auch im <strong>Handelsblatt<\/strong> auf Deutsch und auf <strong>Handelsblatt Online<\/strong> und auf der Website von <strong>United Europe<\/strong> auf Deutsch und Englisch.<\/p>\n","protected":false},"excerpt":{"rendered":"<p>Wir freuen uns auf die offizielle Pr\u00e4sentation des Buches &#8222;Europa kann es besser&#8222;, das vom Handelsblatt und von United Europe initiiert wurde. Das Buch wird am Montag, dem 6. Mai&hellip;<\/p>\n","protected":false},"author":16,"featured_media":13698,"comment_status":"closed","ping_status":"closed","sticky":false,"template":"","format":"standard","meta":{"_acf_changed":false,"footnotes":""},"categories":[2241,620,2239],"tags":[1293,1226,1222,1133,1258,1290,1292,1291,1294,1295,1110,1151],"powerkit_post_featured":[],"class_list":{"0":"post-13695","1":"post","2":"type-post","3":"status-publish","4":"format-standard","5":"has-post-thumbnail","7":"category-lectures-de","8":"category-news-de","9":"category-ue-programm","10":"tag-esmt-berlin-de","11":"tag-europa-kann-es-besser-de","12":"tag-europareform","13":"tag-europawahl-de","14":"tag-ingrid-hengster-de","15":"tag-juergen-grossmann","16":"tag-richard-lutz-de","17":"tag-simone-menne-de","18":"tag-sven-afhueppe","19":"tag-thomas-sigmund","20":"tag-united-europe-de","21":"tag-united-europe-de-2"},"acf":[],"aioseo_notices":[],"_links":{"self":[{"href":"https:\/\/www.united-europe.eu\/de\/wp-json\/wp\/v2\/posts\/13695","targetHints":{"allow":["GET"]}}],"collection":[{"href":"https:\/\/www.united-europe.eu\/de\/wp-json\/wp\/v2\/posts"}],"about":[{"href":"https:\/\/www.united-europe.eu\/de\/wp-json\/wp\/v2\/types\/post"}],"author":[{"embeddable":true,"href":"https:\/\/www.united-europe.eu\/de\/wp-json\/wp\/v2\/users\/16"}],"replies":[{"embeddable":true,"href":"https:\/\/www.united-europe.eu\/de\/wp-json\/wp\/v2\/comments?post=13695"}],"version-history":[{"count":6,"href":"https:\/\/www.united-europe.eu\/de\/wp-json\/wp\/v2\/posts\/13695\/revisions"}],"predecessor-version":[{"id":13713,"href":"https:\/\/www.united-europe.eu\/de\/wp-json\/wp\/v2\/posts\/13695\/revisions\/13713"}],"wp:featuredmedia":[{"embeddable":true,"href":"https:\/\/www.united-europe.eu\/de\/wp-json\/wp\/v2\/media\/13698"}],"wp:attachment":[{"href":"https:\/\/www.united-europe.eu\/de\/wp-json\/wp\/v2\/media?parent=13695"}],"wp:term":[{"taxonomy":"category","embeddable":true,"href":"https:\/\/www.united-europe.eu\/de\/wp-json\/wp\/v2\/categories?post=13695"},{"taxonomy":"post_tag","embeddable":true,"href":"https:\/\/www.united-europe.eu\/de\/wp-json\/wp\/v2\/tags?post=13695"},{"taxonomy":"powerkit_post_featured","embeddable":true,"href":"https:\/\/www.united-europe.eu\/de\/wp-json\/wp\/v2\/powerkit_post_featured?post=13695"}],"curies":[{"name":"wp","href":"https:\/\/api.w.org\/{rel}","templated":true}]}}