{"id":10039,"date":"2018-05-07T21:59:49","date_gmt":"2018-05-07T19:59:49","guid":{"rendered":"https:\/\/www.united-europe.eu\/?p=10039"},"modified":"2018-05-07T21:59:49","modified_gmt":"2018-05-07T19:59:49","slug":"junge-europaeer-diskutieren-die-herausforderungen-und-die-zukunft-der-eu","status":"publish","type":"post","link":"https:\/\/www.united-europe.eu\/de\/2018\/05\/junge-europaeer-diskutieren-die-herausforderungen-und-die-zukunft-der-eu\/","title":{"rendered":"Junge Europ\u00e4er diskutieren die Herausforderungen und die Zukunft der EU"},"content":{"rendered":"<p><strong>Luca Contrino<\/strong>, Student und Journalist aus Italien, hat am Young Professionals Seminar in Freiburg teilgenommen und dar\u00fcber f\u00fcr unseren Kooperationspartner <a href=\"https:\/\/europaunited.eu\">Europa United<\/a> einen Text geschrieben. Europa United ist eine gemeinn\u00fctzige irisch\/deutsche Organisation, die sich mit europ\u00e4ischen Themen und aktuellen Themen besch\u00e4ftigt. Sie finden Lucas Text auf Englisch <a href=\"https:\/\/www.united-europe.eu\/2018\/05\/inviting-europe-and-beyond-to-discuss-the-unions-challenges-and-future\/\">hier<\/a>:<em><br \/>\n<\/em><\/p>\n","protected":false},"excerpt":{"rendered":"<p>Luca Contrino, Student und Journalist aus Italien, hat am Young Professionals Seminar in Freiburg teilgenommen und dar\u00fcber f\u00fcr unseren Kooperationspartner Europa United einen Text geschrieben. Europa United ist eine gemeinn\u00fctzige&hellip;<\/p>\n","protected":false},"author":16,"featured_media":9965,"comment_status":"closed","ping_status":"closed","sticky":false,"template":"","format":"standard","meta":{"_acf_changed":false,"footnotes":""},"categories":[620,681],"tags":[283,922,410,928,240,565,287],"powerkit_post_featured":[],"class_list":{"0":"post-10039","1":"post","2":"type-post","3":"status-publish","4":"format-standard","5":"has-post-thumbnail","7":"category-news-de","8":"category-advocacy-voices-de","9":"tag-brexit-de","10":"tag-centrum-fuer-europaeische-politik-cep","11":"tag-eu-de","12":"tag-europa-united","13":"tag-europe-de","14":"tag-united-europe","15":"tag-young-professionals-seminars-de"},"acf":[],"aioseo_notices":[],"_links":{"self":[{"href":"https:\/\/www.united-europe.eu\/de\/wp-json\/wp\/v2\/posts\/10039","targetHints":{"allow":["GET"]}}],"collection":[{"href":"https:\/\/www.united-europe.eu\/de\/wp-json\/wp\/v2\/posts"}],"about":[{"href":"https:\/\/www.united-europe.eu\/de\/wp-json\/wp\/v2\/types\/post"}],"author":[{"embeddable":true,"href":"https:\/\/www.united-europe.eu\/de\/wp-json\/wp\/v2\/users\/16"}],"replies":[{"embeddable":true,"href":"https:\/\/www.united-europe.eu\/de\/wp-json\/wp\/v2\/comments?post=10039"}],"version-history":[{"count":1,"href":"https:\/\/www.united-europe.eu\/de\/wp-json\/wp\/v2\/posts\/10039\/revisions"}],"predecessor-version":[{"id":10040,"href":"https:\/\/www.united-europe.eu\/de\/wp-json\/wp\/v2\/posts\/10039\/revisions\/10040"}],"wp:featuredmedia":[{"embeddable":true,"href":"https:\/\/www.united-europe.eu\/de\/wp-json\/wp\/v2\/media\/9965"}],"wp:attachment":[{"href":"https:\/\/www.united-europe.eu\/de\/wp-json\/wp\/v2\/media?parent=10039"}],"wp:term":[{"taxonomy":"category","embeddable":true,"href":"https:\/\/www.united-europe.eu\/de\/wp-json\/wp\/v2\/categories?post=10039"},{"taxonomy":"post_tag","embeddable":true,"href":"https:\/\/www.united-europe.eu\/de\/wp-json\/wp\/v2\/tags?post=10039"},{"taxonomy":"powerkit_post_featured","embeddable":true,"href":"https:\/\/www.united-europe.eu\/de\/wp-json\/wp\/v2\/powerkit_post_featured?post=10039"}],"curies":[{"name":"wp","href":"https:\/\/api.w.org\/{rel}","templated":true}]}}