{"id":10025,"date":"2018-05-02T14:35:52","date_gmt":"2018-05-02T12:35:52","guid":{"rendered":"https:\/\/www.united-europe.eu\/?p=10025"},"modified":"2018-05-02T14:44:33","modified_gmt":"2018-05-02T12:44:33","slug":"wie-bauen-wir-europa","status":"publish","type":"post","link":"https:\/\/www.united-europe.eu\/de\/2018\/05\/wie-bauen-wir-europa\/","title":{"rendered":"Wie bauen wir Europa?"},"content":{"rendered":"<p><em>Von Anna Romandash.<\/em><\/p>\n<p>Die Idee gemeinsamer europ\u00e4ischer Werte scheint au\u00dferhalb der EU popul\u00e4rer zu sein als innerhalb; L\u00e4nder, die danach streben, EU-Mitglieder zu werden, umarmen die europ\u00e4ische Ideen geradezu, w\u00e4hrend die EU-B\u00fcrger eher skeptisch sind. Da gibt es viele gegens\u00e4tzliche Ansichten \u00fcber die EU und was sie bringt. Unter vielen Nicht-EU-Europ\u00e4ern wird die bestehende Union als Quelle von Stabilit\u00e4t, Transparenz und demokratischer Transformation f\u00fcr sich abm\u00fchende Kommunalverwaltungen gesehen; sie ist ein &#8222;popul\u00e4rer Kinderclub&#8220;, dem sich M\u00f6chtegerne begierig anschlie\u00dfen wollen. Die B\u00fcrger der entwickelten EU-L\u00e4nder betrachten die EU jedoch oft als eine ineffiziente Gruppe, in der sie \u00e4rmere L\u00e4nder finanzieren und unterst\u00fctzen und im Gegenzug unerw\u00fcnschte Migration, wirtschaftliche Probleme und ethnische Spannungen bekommen.<\/p>\n<p>Obwohl diese beiden Ansichten einander ausschlie\u00dfen, bedeutet das nicht, dass eine von ihnen v\u00f6llig wahr oder falsch ist, und dass wir die eine oder andere Gruppe ablehnen sollten. Vielmehr sollten beide miteinander kommunizieren.<\/p>\n<p>Ich komme aus Osteuropa, einem politisch gepr\u00e4gten Begriff von L\u00e4ndern, die seit vielen Jahrzehnten von Sowjets besetzt waren und die den demokratischen \u00dcbergang in den 1990er Jahren anders gehandhabt haben. Mein Heimatland Ukraine k\u00e4mpft noch immer, obwohl seine pro-Europ\u00e4ischen Ambitionen klar sind. Der Grund daf\u00fcr ist einfach: F\u00fcr die meisten Ukrainer ist die EU ein stabiler demokratischer Hafen mit guten Stra\u00dfen und hohen L\u00f6hnen. Wir sehen die EU als ein Beispiel f\u00fcr stabile Demokratien, die die Wirtschaft rockt, trotz einiger kleinerer Probleme hier und da. Das wird uns besonders klar, wenn wir beobachten, wie unsere westlichen Nachbarn stetig bedeutende Fortschritte machen; und w\u00e4hrend sie voranschreiten und wachsen, wollen wir dasselbe auch f\u00fcr unsere Wirtschaft und Gesellschaft.<\/p>\n<p>Andererseits sind viele EU-Mitglieder \u2013 auch die neuen \u2013 der Meinung, dass die Organisation nicht so regenbogenperfekt ist, wie es f\u00fcr Au\u00dfenstehende scheint. Die Unzufriedenheit w\u00e4chst, wenn der wirtschaftliche Nutzen nicht mehr stark genug ist. Infolgedessen scheint das europ\u00e4ische Projekt der Vielfalt und der gemeinsamen liberalen Werte auseinanderzufallen.<\/p>\n<p>Dies zeigt jedoch nur, dass die EU noch im Aufbau ist, und obwohl es interne und externe Herausforderungen gibt, ist die Union ein gutes Beispiel daf\u00fcr, wie verschiedene Nationen zusammenarbeiten und etwas Greifbares und Nachhaltiges schaffen k\u00f6nnen. Ein wichtiger Weg, die EU-Nationen daran zu erinnern \u2013 und die europ\u00e4ische Idee effektiver und relevanter zu machen \u2013 ist die St\u00e4rkung der Br\u00fccken, die zwischen der EU und der \u00d6stlichen Partnerschaft und den Balkanstaaten bestehen. Die Unterst\u00fctzung beider Seiten sollte auf Gegenseitigkeit beruhen; w\u00e4hrend weniger entwickelte Staaten von Anti-Korruptions- und Transparenzbem\u00fchungen lernen k\u00f6nnen, k\u00f6nnte die EU etwas von den aufstrebenden Nationen lernen. Schlie\u00dflich ist die EU-Idee au\u00dferhalb der EU sehr stark, warum also nicht die Gr\u00fcnde daf\u00fcr h\u00f6ren und die Union mit den Augen der Nachbarn sehen?<\/p>\n<p>Das Wichtigste an der EU ist zu verstehen, was sie aufbaut und welchen Mehrwert sie f\u00fcr ihre bestehenden und potenziellen Mitglieder bringt. Das Negative zu sehen ist nicht zu vermeiden, aber das ist an sich schon ein Weg, die Herausforderungen zu l\u00f6sen. Das Positive zu sehen, ist etwas, das die Nachbarl\u00e4nder der EU im Austausch f\u00fcr eine fruchtbarere Zusammenarbeit und Kapazit\u00e4tsverbesserung in der \u00f6stlichen und s\u00fcdlichen Region beibringen k\u00f6nnen. Nur dann k\u00f6nnen wir von Europa als einer geeinten Region von fast 50 L\u00e4ndern sprechen, und dieses geeinte Europa sollten wir anstreben.<\/p>\n<p><em>Anna Romandash ist eine 25-j\u00e4hrige Journalistin aus Kiew, die die Kommunikation bei der NGO &#8222;Digital Communication Network&#8220; leitet. Sie arbeitet mit osteurop\u00e4ischen Journalisten zusammen und sucht nach M\u00f6glichkeiten, diese Arbeit f\u00fcr alle Europ\u00e4er interessanter zu gestalten und zu verstehen, wie die EU mit\u00a0 medienbezogenen Handlunsgweisen umgeht. Sie hat am Young Professionals Seminar von United Europe in Freiburg teilgenommen.<\/em><\/p>\n<p>&nbsp;<\/p>\n","protected":false},"excerpt":{"rendered":"<p>Von Anna Romandash. Die Idee gemeinsamer europ\u00e4ischer Werte scheint au\u00dferhalb der EU popul\u00e4rer zu sein als innerhalb; L\u00e4nder, die danach streben, EU-Mitglieder zu werden, umarmen die europ\u00e4ische Ideen geradezu, w\u00e4hrend&hellip;<\/p>\n","protected":false},"author":16,"featured_media":10019,"comment_status":"closed","ping_status":"closed","sticky":false,"template":"","format":"standard","meta":{"_acf_changed":false,"footnotes":""},"categories":[620,681],"tags":[466,410,240],"powerkit_post_featured":[],"class_list":{"0":"post-10025","1":"post","2":"type-post","3":"status-publish","4":"format-standard","5":"has-post-thumbnail","7":"category-news-de","8":"category-advocacy-voices-de","9":"tag-eastern-partnership-de","10":"tag-eu-de","11":"tag-europe-de"},"acf":[],"aioseo_notices":[],"_links":{"self":[{"href":"https:\/\/www.united-europe.eu\/de\/wp-json\/wp\/v2\/posts\/10025","targetHints":{"allow":["GET"]}}],"collection":[{"href":"https:\/\/www.united-europe.eu\/de\/wp-json\/wp\/v2\/posts"}],"about":[{"href":"https:\/\/www.united-europe.eu\/de\/wp-json\/wp\/v2\/types\/post"}],"author":[{"embeddable":true,"href":"https:\/\/www.united-europe.eu\/de\/wp-json\/wp\/v2\/users\/16"}],"replies":[{"embeddable":true,"href":"https:\/\/www.united-europe.eu\/de\/wp-json\/wp\/v2\/comments?post=10025"}],"version-history":[{"count":4,"href":"https:\/\/www.united-europe.eu\/de\/wp-json\/wp\/v2\/posts\/10025\/revisions"}],"predecessor-version":[{"id":10029,"href":"https:\/\/www.united-europe.eu\/de\/wp-json\/wp\/v2\/posts\/10025\/revisions\/10029"}],"wp:featuredmedia":[{"embeddable":true,"href":"https:\/\/www.united-europe.eu\/de\/wp-json\/wp\/v2\/media\/10019"}],"wp:attachment":[{"href":"https:\/\/www.united-europe.eu\/de\/wp-json\/wp\/v2\/media?parent=10025"}],"wp:term":[{"taxonomy":"category","embeddable":true,"href":"https:\/\/www.united-europe.eu\/de\/wp-json\/wp\/v2\/categories?post=10025"},{"taxonomy":"post_tag","embeddable":true,"href":"https:\/\/www.united-europe.eu\/de\/wp-json\/wp\/v2\/tags?post=10025"},{"taxonomy":"powerkit_post_featured","embeddable":true,"href":"https:\/\/www.united-europe.eu\/de\/wp-json\/wp\/v2\/powerkit_post_featured?post=10025"}],"curies":[{"name":"wp","href":"https:\/\/api.w.org\/{rel}","templated":true}]}}