{"id":10008,"date":"2018-04-29T20:01:06","date_gmt":"2018-04-29T18:01:06","guid":{"rendered":"https:\/\/www.united-europe.eu\/?p=10008"},"modified":"2018-04-29T20:02:28","modified_gmt":"2018-04-29T18:02:28","slug":"10008","status":"publish","type":"post","link":"https:\/\/www.united-europe.eu\/de\/2018\/04\/10008\/","title":{"rendered":"Das Movimento 5 Stelle-Paradox: Sie haben die Macht, doch das k\u00f6nnte ihr Verderben sein"},"content":{"rendered":"<p><em>Luca Contrino ist ein junger Student und Journalist aus Italien, der am Young Professionals Seminar in Freiburg teilgenommen hat. In seinem am 27. April auf der europ\u00e4ischen Diskussionsplattform <a href=\"https:\/\/europaunited.eu\">Europa United<\/a> ver\u00f6ffentlichten Text besch\u00e4ftigt er sich mit den Konsequenzen aus den Wahlen in seinem Heimatland.\u00a0 Er schreibt:<\/em><\/p>\n<figure id=\"attachment_10001\" aria-describedby=\"caption-attachment-10001\" style=\"width: 320px\" class=\"wp-caption alignleft\"><a href=\"https:\/\/www.united-europe.eu\/wp-content\/uploads\/2018\/04\/Luca.jpg\"><img loading=\"lazy\" decoding=\"async\" class=\"size-thumbnail wp-image-10001\" src=\"https:\/\/www.united-europe.eu\/wp-content\/uploads\/2018\/04\/Luca-320x240.jpg\" alt=\"\" width=\"320\" height=\"240\" srcset=\"https:\/\/www.united-europe.eu\/wp-content\/uploads\/2018\/04\/Luca-320x240.jpg 320w, https:\/\/www.united-europe.eu\/wp-content\/uploads\/2018\/04\/Luca-560x420.jpg 560w, https:\/\/www.united-europe.eu\/wp-content\/uploads\/2018\/04\/Luca-640x480.jpg 640w\" sizes=\"auto, (max-width: 320px) 100vw, 320px\" \/><\/a><figcaption id=\"caption-attachment-10001\" class=\"wp-caption-text\">Luca Contrino, Master Student and journalist, Italy<\/figcaption><\/figure>\n<p>&#8222;Das Wahlergebnis in Italien lieferte den im Vorfeld bef\u00fcrchteten und erwarteten populistischen Aufschwung. Der gr\u00f6\u00dfte Gewinner war erwartungsgem\u00e4\u00df Movimento 5 Stelle (5-Sterne-Bewegung). Sie sind jetzt die gr\u00f6\u00dfte Einzelpartei im Parlament, und mit Roberto Fico als Pr\u00e4sident des Abgeordnetenhauses haben sie eine Art Macht. Die laufenden Verhandlungen zur Regierungsbildung haben jedoch gezeigt, dass die Partei nicht l\u00e4nger so tun kann, als sei sie eine Catch-All-Partei, um eine Koalitionsvereinbarung zu finden; aber mit wem auch immer sie eine Koalition bildet, wird es h\u00f6chstwahrscheinlich ihre W\u00e4hlerbasis und Glaubw\u00fcrdigkeit beeintr\u00e4chtigen.&#8220;<\/p>\n<p>Den gesamten Text in Englisch <a href=\"https:\/\/www.united-europe.eu\/2018\/04\/the-movimento-5-stelle-paradox-they-have-power-yet-this-risks-their-undoing\/\">lesen Sie hier<\/a>.<\/p>\n<p>&nbsp;<\/p>\n<p>&nbsp;<\/p>\n","protected":false},"excerpt":{"rendered":"<p>Luca Contrino ist ein junger Student und Journalist aus Italien, der am Young Professionals Seminar in Freiburg teilgenommen hat. In seinem am 27. April auf der europ\u00e4ischen Diskussionsplattform Europa United&hellip;<\/p>\n","protected":false},"author":16,"featured_media":10004,"comment_status":"closed","ping_status":"closed","sticky":false,"template":"","format":"standard","meta":{"_acf_changed":false,"footnotes":""},"categories":[620],"tags":[930,1151],"powerkit_post_featured":[],"class_list":{"0":"post-10008","1":"post","2":"type-post","3":"status-publish","4":"format-standard","5":"has-post-thumbnail","7":"category-news-de","8":"tag-luca-contrino","9":"tag-united-europe-de-2"},"acf":[],"aioseo_notices":[],"_links":{"self":[{"href":"https:\/\/www.united-europe.eu\/de\/wp-json\/wp\/v2\/posts\/10008","targetHints":{"allow":["GET"]}}],"collection":[{"href":"https:\/\/www.united-europe.eu\/de\/wp-json\/wp\/v2\/posts"}],"about":[{"href":"https:\/\/www.united-europe.eu\/de\/wp-json\/wp\/v2\/types\/post"}],"author":[{"embeddable":true,"href":"https:\/\/www.united-europe.eu\/de\/wp-json\/wp\/v2\/users\/16"}],"replies":[{"embeddable":true,"href":"https:\/\/www.united-europe.eu\/de\/wp-json\/wp\/v2\/comments?post=10008"}],"version-history":[{"count":3,"href":"https:\/\/www.united-europe.eu\/de\/wp-json\/wp\/v2\/posts\/10008\/revisions"}],"predecessor-version":[{"id":10011,"href":"https:\/\/www.united-europe.eu\/de\/wp-json\/wp\/v2\/posts\/10008\/revisions\/10011"}],"wp:featuredmedia":[{"embeddable":true,"href":"https:\/\/www.united-europe.eu\/de\/wp-json\/wp\/v2\/media\/10004"}],"wp:attachment":[{"href":"https:\/\/www.united-europe.eu\/de\/wp-json\/wp\/v2\/media?parent=10008"}],"wp:term":[{"taxonomy":"category","embeddable":true,"href":"https:\/\/www.united-europe.eu\/de\/wp-json\/wp\/v2\/categories?post=10008"},{"taxonomy":"post_tag","embeddable":true,"href":"https:\/\/www.united-europe.eu\/de\/wp-json\/wp\/v2\/tags?post=10008"},{"taxonomy":"powerkit_post_featured","embeddable":true,"href":"https:\/\/www.united-europe.eu\/de\/wp-json\/wp\/v2\/powerkit_post_featured?post=10008"}],"curies":[{"name":"wp","href":"https:\/\/api.w.org\/{rel}","templated":true}]}}