{"id":2241,"count":8,"description":"Eine Au\u00dfenperspektive bietet oft eine viel klarere Sicht auf das, was wirklich wichtig ist. Im Rahmen unserer <strong>United-Europe-Lectures<\/strong> laden wir prominente Politiker und Wirtschaftsf\u00fchrer aus dem au\u00dfereurop\u00e4ischen Ausland ein, um uns ihre Sicht der Herausforderungen, vor denen Europa steht, zu vermitteln.","link":"https:\/\/www.united-europe.eu\/de\/kategorie\/ue-programm\/lectures-de\/","name":"Lectures","slug":"lectures-de","taxonomy":"category","parent":2239,"meta":[],"acf":[],"_links":{"self":[{"href":"https:\/\/www.united-europe.eu\/de\/wp-json\/wp\/v2\/categories\/2241","targetHints":{"allow":["GET"]}}],"collection":[{"href":"https:\/\/www.united-europe.eu\/de\/wp-json\/wp\/v2\/categories"}],"about":[{"href":"https:\/\/www.united-europe.eu\/de\/wp-json\/wp\/v2\/taxonomies\/category"}],"up":[{"embeddable":true,"href":"https:\/\/www.united-europe.eu\/de\/wp-json\/wp\/v2\/categories\/2239"}],"wp:post_type":[{"href":"https:\/\/www.united-europe.eu\/de\/wp-json\/wp\/v2\/posts?categories=2241"}],"curies":[{"name":"wp","href":"https:\/\/api.w.org\/{rel}","templated":true}]}}